{"id":74741,"date":"2020-08-13T08:05:44","date_gmt":"2020-08-13T11:05:44","guid":{"rendered":"http:\/\/vinasfm.com\/noticias\/?p=74741"},"modified":"2020-08-14T12:15:30","modified_gmt":"2020-08-14T15:15:30","slug":"se-confirmo-el-regreso-del-futbol-local","status":"publish","type":"post","link":"https:\/\/vinasfm.com\/noticias\/se-confirmo-el-regreso-del-futbol-local\/","title":{"rendered":"SE PUSO FECHA AL REGRESO DEL F\u00daTBOL LOCAL"},"content":{"rendered":"<h4><strong>La fecha de inicio de los entrenamientos fue fijada para el 7 de septiembre, solo para mayores de 18 a\u00f1os. El campeonato comenzar\u00eda el 18 de octubre.<\/strong><\/h4>\n<p>As\u00ed fue decidido en la reuni\u00f3n del martes de la Liga Alvearense de F\u00fatbol, luego de que bajara el protocolo desde el Consejo Federal de Futbol. Adem\u00e1s del lineamiento emanado por en la entidad deportiva, se deben respetar los de provincia y el municipio.<\/p>\n<p><strong><em>\u201cNo vamos a tener hisopados, mientras que no tengamos ninguno caso\u201d,<\/em><\/strong> detall\u00f3 Julio Lugea, Presidente de la Liga. El resto del protocolo indica que <strong>los jugadores deber\u00e1n llegar solos, el club deber\u00e1 ser desinfectado al ingreso de los entrenamientos, en la mitad de la pr\u00e1ctica y al finalizar. Por otra parte, cada deportista deber\u00e1 llevar su bebida y no podr\u00e1n utilizar ni duchas, ni camarines.<\/strong><\/p>\n<p>\u201cLos clubes est\u00e1n entusiasmados en participar del campeonato, el problema pasa por lo econ\u00f3mico\u201d sostuvo Lugea. Al no poder jugar con p\u00fablico se buscar\u00e1n sponsors para solventar alg\u00fan gasto, <strong><em>\u201cun partido en estos momentos cuesta cerca de $35.000\u201d.<\/em><\/strong><\/p>\n<p><strong>Col\u00f3n<\/strong> anunci\u00f3 oficialmente que<strong> no participara de la competencia y Uni\u00f3n de San Luis<\/strong> no puede por las dificultades en el ingreso a la provincia y el respectivo aislamiento de 14 d\u00edas.<\/p>\n<h5><strong><em>A.C.<\/em><\/strong><\/h5>\n","protected":false},"excerpt":{"rendered":"<p>La fecha de inicio de los entrenamientos fue fijada para el 7 de septiembre, solo para mayores de 18 a\u00f1os. El &#8230;<\/p>\n","protected":false},"author":7,"featured_media":59993,"comment_status":"open","ping_status":"open","sticky":false,"template":"","format":"standard","meta":{"footnotes":""},"categories":[5,3],"tags":[],"class_list":["post-74741","post","type-post","status-publish","format-standard","has-post-thumbnail","hentry","category-actualidad","category-deportes"],"_links":{"self":[{"href":"https:\/\/vinasfm.com\/noticias\/wp-json\/wp\/v2\/posts\/74741","targetHints":{"allow":["GET"]}}],"collection":[{"href":"https:\/\/vinasfm.com\/noticias\/wp-json\/wp\/v2\/posts"}],"about":[{"href":"https:\/\/vinasfm.com\/noticias\/wp-json\/wp\/v2\/types\/post"}],"author":[{"embeddable":true,"href":"https:\/\/vinasfm.com\/noticias\/wp-json\/wp\/v2\/users\/7"}],"replies":[{"embeddable":true,"href":"https:\/\/vinasfm.com\/noticias\/wp-json\/wp\/v2\/comments?post=74741"}],"version-history":[{"count":1,"href":"https:\/\/vinasfm.com\/noticias\/wp-json\/wp\/v2\/posts\/74741\/revisions"}],"predecessor-version":[{"id":74748,"href":"https:\/\/vinasfm.com\/noticias\/wp-json\/wp\/v2\/posts\/74741\/revisions\/74748"}],"wp:featuredmedia":[{"embeddable":true,"href":"https:\/\/vinasfm.com\/noticias\/wp-json\/wp\/v2\/media\/59993"}],"wp:attachment":[{"href":"https:\/\/vinasfm.com\/noticias\/wp-json\/wp\/v2\/media?parent=74741"}],"wp:term":[{"taxonomy":"category","embeddable":true,"href":"https:\/\/vinasfm.com\/noticias\/wp-json\/wp\/v2\/categories?post=74741"},{"taxonomy":"post_tag","embeddable":true,"href":"https:\/\/vinasfm.com\/noticias\/wp-json\/wp\/v2\/tags?post=74741"}],"curies":[{"name":"wp","href":"https:\/\/api.w.org\/{rel}","templated":true}]}}