{"id":74690,"date":"2020-08-12T08:47:44","date_gmt":"2020-08-12T11:47:44","guid":{"rendered":"http:\/\/vinasfm.com\/noticias\/?p=74690"},"modified":"2020-08-14T12:13:36","modified_gmt":"2020-08-14T15:13:36","slug":"dieron-negativos-los-hisopados-de-los-transportistas-de-alvear-y-villa-atuel","status":"publish","type":"post","link":"https:\/\/vinasfm.com\/noticias\/dieron-negativos-los-hisopados-de-los-transportistas-de-alvear-y-villa-atuel\/","title":{"rendered":"DIERON NEGATIVOS LOS HISOPADOS DE LOS TRANSPORTISTAS DE ALVEAR Y VILLA ATUEL"},"content":{"rendered":"<p><strong>La Direcci\u00f3n General Regi\u00f3n Sur del Ministerio de Salud, Desarrollo Social y Deportes de Mendoza reporta que El Laboratorio COVID REGI\u00d3N SUR, integrante de la Red de Laboratorios de Salud P\u00fablica de Mendoza, inform\u00f3 que en el d\u00eda de la fecha se han procesado 29 determinaciones del sur de Mendoza, TODAS CON RESULTADO NEGATIVO.<\/strong><\/p>\n<p>Entre las 29 determinaciones negativas se encuentran las de los <strong>transportistas de Alvear y Villa Atuel<\/strong>, que este lunes al ser sometidos al test serol\u00f3gico hab\u00edan arrojado positivo.\u00a0Los test r\u00e1pidos se practicaron en Ugacoop.<\/p>\n<p>Inmediatamente <strong>se activ\u00f3 el protocolo que consisti\u00f3 en trasladarlos al nosocomio local y desinfectar las instalaciones de la entidad<\/strong> donde se realizan los controles a camioneros que ingresan por el sur y este del departamento.<\/p>\n<p>Los profesionales de la salud <strong>les realizaron los hisopados correspondientes y enviaron la muestra al Laboratorio con asiento en San Rafael<\/strong>, an\u00e1lisis que seg\u00fan el informe <strong>arroj\u00f3 resultados NEGATIVOS asegurando que los hombres NO transitan la enfermedad<\/strong>. Sus familias tambi\u00e9n fueron aisladas y se realizaron las medidas sanitarias correspondientes para evitar la propagaci\u00f3n del virus.<strong> La\u00a0investigaci\u00f3n que encabez\u00f3 el equipo epidemiol\u00f3gico y el Ministerio de Salud.<\/strong><\/p>\n<p>El Sur sigue con solo un caso positivo de coronavirus, que se trata del empresario de General Alvear.<\/p>\n<p><a href=\"http:\/\/vinasfm.com\/noticias\/wp-content\/uploads\/2020\/08\/hospital.jpg\"><img loading=\"lazy\" decoding=\"async\" class=\" wp-image-74695 aligncenter\" src=\"http:\/\/vinasfm.com\/noticias\/wp-content\/uploads\/2020\/08\/hospital-300x294.jpg\" alt=\"\" width=\"522\" height=\"512\" srcset=\"https:\/\/vinasfm.com\/noticias\/wp-content\/uploads\/2020\/08\/hospital-300x294.jpg 300w, https:\/\/vinasfm.com\/noticias\/wp-content\/uploads\/2020\/08\/hospital-768x753.jpg 768w, https:\/\/vinasfm.com\/noticias\/wp-content\/uploads\/2020\/08\/hospital.jpg 960w\" sizes=\"auto, (max-width: 522px) 100vw, 522px\" \/><\/a><\/p>\n<h5><em>F.B.<\/em><\/h5>\n","protected":false},"excerpt":{"rendered":"<p>La Direcci\u00f3n General Regi\u00f3n Sur del Ministerio de Salud, Desarrollo Social y Deportes de Mendoza reporta que El Laboratorio COVID REGI\u00d3N &#8230;<\/p>\n","protected":false},"author":8,"featured_media":70682,"comment_status":"open","ping_status":"open","sticky":false,"template":"","format":"standard","meta":{"footnotes":""},"categories":[5,62],"tags":[],"class_list":["post-74690","post","type-post","status-publish","format-standard","has-post-thumbnail","hentry","category-actualidad","category-coronavirus"],"_links":{"self":[{"href":"https:\/\/vinasfm.com\/noticias\/wp-json\/wp\/v2\/posts\/74690","targetHints":{"allow":["GET"]}}],"collection":[{"href":"https:\/\/vinasfm.com\/noticias\/wp-json\/wp\/v2\/posts"}],"about":[{"href":"https:\/\/vinasfm.com\/noticias\/wp-json\/wp\/v2\/types\/post"}],"author":[{"embeddable":true,"href":"https:\/\/vinasfm.com\/noticias\/wp-json\/wp\/v2\/users\/8"}],"replies":[{"embeddable":true,"href":"https:\/\/vinasfm.com\/noticias\/wp-json\/wp\/v2\/comments?post=74690"}],"version-history":[{"count":1,"href":"https:\/\/vinasfm.com\/noticias\/wp-json\/wp\/v2\/posts\/74690\/revisions"}],"predecessor-version":[{"id":74697,"href":"https:\/\/vinasfm.com\/noticias\/wp-json\/wp\/v2\/posts\/74690\/revisions\/74697"}],"wp:featuredmedia":[{"embeddable":true,"href":"https:\/\/vinasfm.com\/noticias\/wp-json\/wp\/v2\/media\/70682"}],"wp:attachment":[{"href":"https:\/\/vinasfm.com\/noticias\/wp-json\/wp\/v2\/media?parent=74690"}],"wp:term":[{"taxonomy":"category","embeddable":true,"href":"https:\/\/vinasfm.com\/noticias\/wp-json\/wp\/v2\/categories?post=74690"},{"taxonomy":"post_tag","embeddable":true,"href":"https:\/\/vinasfm.com\/noticias\/wp-json\/wp\/v2\/tags?post=74690"}],"curies":[{"name":"wp","href":"https:\/\/api.w.org\/{rel}","templated":true}]}}