{"id":74683,"date":"2020-08-12T08:04:56","date_gmt":"2020-08-12T11:04:56","guid":{"rendered":"http:\/\/vinasfm.com\/noticias\/?p=74683"},"modified":"2020-08-14T12:13:29","modified_gmt":"2020-08-14T15:13:29","slug":"rodolfo-suarez-presento-el-proyecto-de-ley-para-reformar-la-constitucion","status":"publish","type":"post","link":"https:\/\/vinasfm.com\/noticias\/rodolfo-suarez-presento-el-proyecto-de-ley-para-reformar-la-constitucion\/","title":{"rendered":"RODOLFO SUAREZ PRESENT\u00d3 EL PROYECTO DE LEY PARA REFORMAR LA CONSTITUCI\u00d3N"},"content":{"rendered":"<h4>Los principales objetivos de la reforma ser\u00e1n lograr una disminuci\u00f3n sustancial del costo de la pol\u00edtica, una mayor calidad institucional y mejores controles en el manejo del sector p\u00fablico. Para ello, entre otros temas, se buscar\u00e1 transformar el Poder Legislativo en unicameral, eliminar las elecciones de medio t\u00e9rmino y consagrar la igualdad de oportunidades entre mujeres y hombres en el \u00e1mbito p\u00fablico y privado.<\/h4>\n<p>Como lo anunci\u00f3 el 1\u00ba de mayo, el Gobernador Rodolfo Suarez envi\u00f3 el proyecto de ley para reformar la Constituci\u00f3n provincial. El ministro de Gobierno, Trabajo y Justicia, V\u00edctor Iba\u00f1ez, fue quien lo present\u00f3 en la Legislatura.<\/p>\n<div class=\"twitter-tweet twitter-tweet-rendered\"><iframe id=\"twitter-widget-0\" class=\"\" title=\"Twitter Tweet\" src=\"https:\/\/platform.twitter.com\/embed\/index.html?dnt=false&amp;embedId=twitter-widget-0&amp;frame=false&amp;hideCard=false&amp;hideThread=false&amp;id=1293213382259113990&amp;lang=es&amp;origin=http%3A%2F%2Fwww.prensa.mendoza.gov.ar%2Frodolfo-suarez-presento-el-proyecto-de-ley-para-reformar-la-constitucion%2F&amp;theme=light&amp;widgetsVersion=223fc1c4%3A1596143124634&amp;width=550px\" frameborder=\"0\" scrolling=\"no\" allowfullscreen=\"allowfullscreen\" data-tweet-id=\"1293213382259113990\" data-mce-fragment=\"1\"><\/iframe><\/div>\n<p>La iniciativa se sustenta en distintos ejes que apuntan a\u00a0lograr una disminuci\u00f3n sustancial del costo de la pol\u00edtica, una mayor calidad institucional y mejores controles en el manejo del sector p\u00fablico.<\/p>\n<p>Revisar la composici\u00f3n del Legislativo, su estructura, la duraci\u00f3n de los mandatos, la eliminaci\u00f3n de elecciones intermedias, la representaci\u00f3n de los municipios, la elecci\u00f3n del gobernador o poner un l\u00edmite razonable (70 a\u00f1os) al mandato de los jueces son todos elementos que hacen a una aut\u00e9ntica reforma pol\u00edtica que busca optimizar el funcionamiento del Estado acerc\u00e1ndolo a la ciudadan\u00eda.<\/p>\n<p>Sobre los puntos principales del proyecto, el ministro se\u00f1al\u00f3: \u201cEstamos cumpliendo con una promesa de campa\u00f1a. La reforma constitucional asienta sobre el respeto institucional habilitando temas a debatir como la introducci\u00f3n de un sistema unicameral disminuyendo el gasto pol\u00edtico, eliminaci\u00f3n de elecciones intermedias y limitaci\u00f3n a un solo per\u00edodo de reelecci\u00f3n para cargos legislativos y municipales\u201d.<\/p>\n<p>\u201cCreemos que el equilibrio fiscal es fundamental como derecho de los ciudadanos y tambi\u00e9n como una obligaci\u00f3n del Estado. Permite pensar un Estado a largo plazo, con recursos eficientes. El Gobernador cree fuertemente en este principio, que no se encuentra en ninguna de las constituciones provinciales argentinas\u201d, se\u00f1al\u00f3 Iba\u00f1ez.<\/p>\n<p>Para finalizar, Iba\u00f1ez resalt\u00f3 que este proyecto \u201ces una necesidad de un Estado m\u00e1s eficiente en el uso de sus recursos con una disminuci\u00f3n de un gasto pol\u00edtico y que tenga una herramienta institucional aggiornada a los tiempos\u201d.<\/p>\n<p><strong>Bajar el costo de la pol\u00edtica, optimizando los recursos del Estado<\/strong><\/p>\n<p>Se busca transformar el Poder Legislativo en unicameral, asegurando as\u00ed la representaci\u00f3n territorial de todos los municipios y sin elecciones intermedias, al incorporar la representaci\u00f3n poblacional y territorial con una composici\u00f3n que no podr\u00e1 superar los 48 legisladores.<\/p>\n<p>Actualmente, los departamentos de Malarg\u00fce, Rivadavia y Tupungato no tienen representaci\u00f3n en la C\u00e1mara de Diputados, en tanto que Santa Rosa, Tunuy\u00e1n y Jun\u00edn no tienen senadores que los representen.<\/p>\n<h4><strong>El\u00a0equilibrio fiscal<\/strong><\/h4>\n<p>Finalmente, atravesando todos estos cambios, la consagraci\u00f3n del principio del equilibrio fiscal como un derecho de todos los mendocinos es otra de las claves de este eje con el que se busca asegurar una adecuada relaci\u00f3n entre ingresos y egresos. De esta manera, sin equilibrio fiscal no se permitir\u00e1n los ingresos al Estado, entre otros temas.<\/p>\n<h4><strong>Lograr mayor calidad institucional<\/strong><\/h4>\n<p>Se trata de impulsar una serie de reformas puntuales que expresamente excluyen la discusi\u00f3n de la reelecci\u00f3n del gobernador.<\/p>\n<p>Eliminar las elecciones de medio t\u00e9rmino es otro de los puntos. Junto con el ahorro en t\u00e9rminos monetarios, generar\u00e1 un menor \u201ccosto\u201d en t\u00e9rminos institucionales, desde que no se destinar\u00e1 tiempo a la definici\u00f3n de candidatos -internas o PASO-, a las campa\u00f1as, entre otros aspectos, permitiendo que la Legislatura tenga cuatro a\u00f1os de labor ininterrumpida en sesiones extendidas acordes con un Estado moderno.<\/p>\n<p>En este esquema, la introducci\u00f3n de la doble vuelta en el sistema de elecci\u00f3n del gobernador garantiza un Ejecutivo dotado de suficiente legitimaci\u00f3n popular para llevar adelante, en sus cuatro a\u00f1os de mandato no prorrogables, todos los proyectos que, en definitiva, determinaron su elecci\u00f3n por el pueblo.<\/p>\n<p>La reforma tambi\u00e9n permitir\u00e1 adecuar nuestra Constituci\u00f3n a los nuevos avances en materia de derechos, destacando en este aspecto la igualdad real de oportunidades entre mujeres y varones en el \u00e1mbito p\u00fablico y privado.<\/p>\n<h4><strong>Mejores controles en el manejo del sector p\u00fablico<\/strong><\/h4>\n<p>Se mantiene, casi en su totalidad, el esquema institucional pero adapt\u00e1ndolo a las nuevas demandas de la poblaci\u00f3n, como el establecimiento de la no reelecci\u00f3n del gobernador o la limitaci\u00f3n del resto de los mandatos. Tambi\u00e9n se establece como edad m\u00e1xima para el ejercicio de la magistratura la de 70 a\u00f1os.<\/p>\n<p>Se persigue la incorporaci\u00f3n de nuevas herramientas de participaci\u00f3n, tanto de forma directa como ampliando el universo de quienes acceden al sufragio. Para ello, entre otros temas, se reconoce el derecho al voto voluntario para los j\u00f3venes de 16 a\u00f1os y a los miembros de la Polic\u00eda.<\/p>\n<p>Adem\u00e1s, se apunta a la autonom\u00eda municipal, reglando su alcance y contenido en los aspectos institucional, pol\u00edtico, administrativo, econ\u00f3mico y financiero, adaptando as\u00ed el texto provincial a la letra expresa de la Constituci\u00f3n Nacional.<\/p>\n<p>Clic\u00a0<a href=\"http:\/\/www.prensa.mendoza.gov.ar\/wp-content\/uploads\/sites\/5\/2020\/08\/NOTA-PROYECTO-DE-LEY-REFORMA-CONST-FFCR.docx\">aqu\u00ed<\/a> para descargar el proyecto.<\/p>\n<h5><strong><em>A.C.<\/em><\/strong><\/h5>\n","protected":false},"excerpt":{"rendered":"<p>Los principales objetivos de la reforma ser\u00e1n lograr una disminuci\u00f3n sustancial del costo de la pol\u00edtica, una mayor calidad institucional y &#8230;<\/p>\n","protected":false},"author":7,"featured_media":74684,"comment_status":"open","ping_status":"open","sticky":false,"template":"","format":"standard","meta":{"footnotes":""},"categories":[5,43,7],"tags":[],"class_list":["post-74683","post","type-post","status-publish","format-standard","has-post-thumbnail","hentry","category-actualidad","category-legislatura","category-politica"],"_links":{"self":[{"href":"https:\/\/vinasfm.com\/noticias\/wp-json\/wp\/v2\/posts\/74683","targetHints":{"allow":["GET"]}}],"collection":[{"href":"https:\/\/vinasfm.com\/noticias\/wp-json\/wp\/v2\/posts"}],"about":[{"href":"https:\/\/vinasfm.com\/noticias\/wp-json\/wp\/v2\/types\/post"}],"author":[{"embeddable":true,"href":"https:\/\/vinasfm.com\/noticias\/wp-json\/wp\/v2\/users\/7"}],"replies":[{"embeddable":true,"href":"https:\/\/vinasfm.com\/noticias\/wp-json\/wp\/v2\/comments?post=74683"}],"version-history":[{"count":1,"href":"https:\/\/vinasfm.com\/noticias\/wp-json\/wp\/v2\/posts\/74683\/revisions"}],"predecessor-version":[{"id":74685,"href":"https:\/\/vinasfm.com\/noticias\/wp-json\/wp\/v2\/posts\/74683\/revisions\/74685"}],"wp:featuredmedia":[{"embeddable":true,"href":"https:\/\/vinasfm.com\/noticias\/wp-json\/wp\/v2\/media\/74684"}],"wp:attachment":[{"href":"https:\/\/vinasfm.com\/noticias\/wp-json\/wp\/v2\/media?parent=74683"}],"wp:term":[{"taxonomy":"category","embeddable":true,"href":"https:\/\/vinasfm.com\/noticias\/wp-json\/wp\/v2\/categories?post=74683"},{"taxonomy":"post_tag","embeddable":true,"href":"https:\/\/vinasfm.com\/noticias\/wp-json\/wp\/v2\/tags?post=74683"}],"curies":[{"name":"wp","href":"https:\/\/api.w.org\/{rel}","templated":true}]}}