{"id":74676,"date":"2020-08-12T07:51:27","date_gmt":"2020-08-12T10:51:27","guid":{"rendered":"http:\/\/vinasfm.com\/noticias\/?p=74676"},"modified":"2020-08-14T12:13:08","modified_gmt":"2020-08-14T15:13:08","slug":"programa-alimentar-hoy-comienza-el-pago-a-beneficiarios-de-la-auh","status":"publish","type":"post","link":"https:\/\/vinasfm.com\/noticias\/programa-alimentar-hoy-comienza-el-pago-a-beneficiarios-de-la-auh\/","title":{"rendered":"PROGRAMA ALIMENTAR: HOY COMIENZA EL PAGO A BENEFICIARIOS DE LA AUH"},"content":{"rendered":"<h4><strong>Los beneficiarios de la Tarjeta Alimentar que reciben esa ayuda econ\u00f3mica del Estado a trav\u00e9s del cobro de la Asignaci\u00f3n Universal por Hijo (AUH) empezar\u00e1n a percibir desde este mi\u00e9rcoles esos pagos, en un esquema de acreditaci\u00f3n de acuerdo con el n\u00famero de DNI.<\/strong><\/h4>\n<p>En tanto, quienes sean beneficiarios y cuenten con el pl\u00e1stico, recibir\u00e1n el dep\u00f3sito total en la tarjeta el 21 de este mes, en el marco del plan que busca garantizar el \u00abacceso\u00bb de las familias vulnerables a la alimentaci\u00f3n.<\/p>\n<h4><strong>A continuaci\u00f3n se detalla el cronograma de pagos para los inscriptos en los subsidios de la AUH:<\/strong><\/h4>\n<ul>\n<li>Documentos terminados en 0, 1 y 2: Mi\u00e9rcoles 12 de agosto.<\/li>\n<li>Documentos terminados en 3: Jueves 13 de agosto.<\/li>\n<li>Documentos terminados en 4: Viernes 14 de agosto.<\/li>\n<li>Documentos terminados en 5: Martes 18 de agosto.<\/li>\n<li>Documentos terminados en 6: Mi\u00e9rcoles 19 de agosto.<\/li>\n<li>Documentos terminados en 7: Jueves 20 de agosto.<\/li>\n<li>Documentos terminados en 8: Viernes 21 de agosto.<\/li>\n<li>Documentos terminados en 9: Lunes 24 de agosto.<\/li>\n<\/ul>\n<p>La Tarjeta Alimentar est\u00e1 destinada a madres y padres con hijos o hijas de hasta 6 a\u00f1os que reciben la AUH; embarazadas a partir de los tres meses de gestaci\u00f3n y personas con discapacidad.<\/p>\n<p>Establece un monto de 4.000 pesos para quienes tienen un hijo y de 6.000 pesos para quienes tengan dos o m\u00e1s.\u00a0La tarjeta permite comprar todo tipo de alimentos.<\/p>\n<p>F.B.<\/p>\n","protected":false},"excerpt":{"rendered":"<p>Los beneficiarios de la Tarjeta Alimentar que reciben esa ayuda econ\u00f3mica del Estado a trav\u00e9s del cobro de la Asignaci\u00f3n Universal &#8230;<\/p>\n","protected":false},"author":8,"featured_media":69539,"comment_status":"open","ping_status":"open","sticky":false,"template":"","format":"standard","meta":{"footnotes":""},"categories":[5,50],"tags":[],"class_list":["post-74676","post","type-post","status-publish","format-standard","has-post-thumbnail","hentry","category-actualidad","category-anses"],"_links":{"self":[{"href":"https:\/\/vinasfm.com\/noticias\/wp-json\/wp\/v2\/posts\/74676","targetHints":{"allow":["GET"]}}],"collection":[{"href":"https:\/\/vinasfm.com\/noticias\/wp-json\/wp\/v2\/posts"}],"about":[{"href":"https:\/\/vinasfm.com\/noticias\/wp-json\/wp\/v2\/types\/post"}],"author":[{"embeddable":true,"href":"https:\/\/vinasfm.com\/noticias\/wp-json\/wp\/v2\/users\/8"}],"replies":[{"embeddable":true,"href":"https:\/\/vinasfm.com\/noticias\/wp-json\/wp\/v2\/comments?post=74676"}],"version-history":[{"count":1,"href":"https:\/\/vinasfm.com\/noticias\/wp-json\/wp\/v2\/posts\/74676\/revisions"}],"predecessor-version":[{"id":74678,"href":"https:\/\/vinasfm.com\/noticias\/wp-json\/wp\/v2\/posts\/74676\/revisions\/74678"}],"wp:featuredmedia":[{"embeddable":true,"href":"https:\/\/vinasfm.com\/noticias\/wp-json\/wp\/v2\/media\/69539"}],"wp:attachment":[{"href":"https:\/\/vinasfm.com\/noticias\/wp-json\/wp\/v2\/media?parent=74676"}],"wp:term":[{"taxonomy":"category","embeddable":true,"href":"https:\/\/vinasfm.com\/noticias\/wp-json\/wp\/v2\/categories?post=74676"},{"taxonomy":"post_tag","embeddable":true,"href":"https:\/\/vinasfm.com\/noticias\/wp-json\/wp\/v2\/tags?post=74676"}],"curies":[{"name":"wp","href":"https:\/\/api.w.org\/{rel}","templated":true}]}}