{"id":74635,"date":"2020-08-11T07:51:11","date_gmt":"2020-08-11T10:51:11","guid":{"rendered":"http:\/\/vinasfm.com\/noticias\/?p=74635"},"modified":"2020-08-14T12:11:14","modified_gmt":"2020-08-14T15:11:14","slug":"puesteros-pampeanos-piden-obras-en-el-atuel-para-evitar-posibles-inundaciones","status":"publish","type":"post","link":"https:\/\/vinasfm.com\/noticias\/puesteros-pampeanos-piden-obras-en-el-atuel-para-evitar-posibles-inundaciones\/","title":{"rendered":"PUESTEROS PAMPEANOS PIDEN OBRAS EN EL ATUEL PARA EVITAR POSIBLES INUNDACIONES"},"content":{"rendered":"<h4><strong>Puesteros ribere\u00f1os del r\u00edo Atuel en La Pampa pidieron que el Gobierno de esa provincia haga obras para evitar posibles inundaciones, previendo que en alg\u00fan momento pueda entrar un caudal que genere problemas.<\/strong><\/h4>\n<p>Ahora, despu\u00e9s de muchos a\u00f1os reclamando por agua del Atuel, en la vecina provincia algunos recuerdan que no se han hecho obras en ese sentido.<\/p>\n<p>As\u00ed, en una nota firmada por puesteros ribere\u00f1os del Atuel pampeano, luego de festejar el reciente fallo de la Corte Suprema, que fija un caudal siempre y cuando se hagan obras, piden que el Gobierno de La Pampa haga obras para evitar inundaciones de campos y puestos.<\/p>\n<p>Seg\u00fan public\u00f3 el medio pampeano InfoHuella, los puesteros enviaron nota al intendente Oscar Gatica de Algarrobo del \u00c1guila, \u00fanico pueblo ribere\u00f1o del Atuel pampeano, para que la acerque a la Secretar\u00eda de Recursos H\u00eddricos y al propio gobernador Sergio Ziliotto.<\/p>\n<p>\u201cEs por ello \u2013 sostiene el escrito\u2013 que los abajo firmantes solicitamos a vuestro municipio, y por su intermedio, ante quien corresponda, para que procedan a abrir con maquinarias adecuadas el curso del r\u00edo Atuel\u201d.<\/p>\n<p>Por \u00faltimo, los puesteros pidieron un mejor aprovechamiento del agua para evitar perjuicios innecesarios y un mejor aprovechamiento del agua.<\/p>\n<p>Seg\u00fan dicen en La Pampa, semanas atr\u00e1s empez\u00f3 a ingresar a esa provincia agua luego de ocho meses de cortes y estiman que por lo que llaman \u201chist\u00f3ricas nevadas en la vecina provincia de Mendoza\u201d, podr\u00eda ingresar abundante agua provocando inundaciones, de ah\u00ed el pedido al Gobierno pampeano para que haga las obras que hace mucho tiempo nadie hace en ese territorio.<\/p>\n<h5><strong><em>A.C.<\/em><\/strong><\/h5>\n","protected":false},"excerpt":{"rendered":"<p>Puesteros ribere\u00f1os del r\u00edo Atuel en La Pampa pidieron que el Gobierno de esa provincia haga obras para evitar posibles inundaciones, &#8230;<\/p>\n","protected":false},"author":7,"featured_media":74636,"comment_status":"open","ping_status":"open","sticky":false,"template":"","format":"standard","meta":{"footnotes":""},"categories":[5,54],"tags":[],"class_list":["post-74635","post","type-post","status-publish","format-standard","has-post-thumbnail","hentry","category-actualidad","category-conflicto-con-la-pampa"],"_links":{"self":[{"href":"https:\/\/vinasfm.com\/noticias\/wp-json\/wp\/v2\/posts\/74635","targetHints":{"allow":["GET"]}}],"collection":[{"href":"https:\/\/vinasfm.com\/noticias\/wp-json\/wp\/v2\/posts"}],"about":[{"href":"https:\/\/vinasfm.com\/noticias\/wp-json\/wp\/v2\/types\/post"}],"author":[{"embeddable":true,"href":"https:\/\/vinasfm.com\/noticias\/wp-json\/wp\/v2\/users\/7"}],"replies":[{"embeddable":true,"href":"https:\/\/vinasfm.com\/noticias\/wp-json\/wp\/v2\/comments?post=74635"}],"version-history":[{"count":1,"href":"https:\/\/vinasfm.com\/noticias\/wp-json\/wp\/v2\/posts\/74635\/revisions"}],"predecessor-version":[{"id":74637,"href":"https:\/\/vinasfm.com\/noticias\/wp-json\/wp\/v2\/posts\/74635\/revisions\/74637"}],"wp:featuredmedia":[{"embeddable":true,"href":"https:\/\/vinasfm.com\/noticias\/wp-json\/wp\/v2\/media\/74636"}],"wp:attachment":[{"href":"https:\/\/vinasfm.com\/noticias\/wp-json\/wp\/v2\/media?parent=74635"}],"wp:term":[{"taxonomy":"category","embeddable":true,"href":"https:\/\/vinasfm.com\/noticias\/wp-json\/wp\/v2\/categories?post=74635"},{"taxonomy":"post_tag","embeddable":true,"href":"https:\/\/vinasfm.com\/noticias\/wp-json\/wp\/v2\/tags?post=74635"}],"curies":[{"name":"wp","href":"https:\/\/api.w.org\/{rel}","templated":true}]}}