{"id":74624,"date":"2020-08-11T07:10:30","date_gmt":"2020-08-11T10:10:30","guid":{"rendered":"http:\/\/vinasfm.com\/noticias\/?p=74624"},"modified":"2020-08-14T12:10:56","modified_gmt":"2020-08-14T15:10:56","slug":"leo-vinolo-sobre-mendoza-activa-es-un-programa-que-reactivara-la-economia-post-pandemia-en-la-provincia","status":"publish","type":"post","link":"https:\/\/vinasfm.com\/noticias\/leo-vinolo-sobre-mendoza-activa-es-un-programa-que-reactivara-la-economia-post-pandemia-en-la-provincia\/","title":{"rendered":"LEO VI\u00d1OLO SOBRE MENDOZA ACTIVA: &#8216;ES UN PROGRAMA QUE REACTIVAR\u00c1 LA ECONOM\u00cdA POST PANDEMIA EN LA PROVINCIA&#8217;"},"content":{"rendered":"<h5><strong>\u00ab<em>Es un proyecto atractivo sobre todo en la generaci\u00f3n de pol\u00edticas para paliar la situaci\u00f3n pos pandemia donde vaticinamos una ca\u00edda abrupta a nivel econ\u00f3mico<\/em>\u00ab, defini\u00f3 el Senador Provincial Leonardo Vi\u00f1olo a Mendoza Activa en di\u00e1logo con F.M. Vi\u00f1as.<\/strong><\/h5>\n<p>Sobre el tratamiento y posterior votaci\u00f3n del proyecto inicial en la Legislatura Mendocina, Vi\u00f1olo destac\u00f3: \u00ab<strong><em>No hubo modificaciones considerables por lo que destaco el consenso generalizado. Recordemos que el programa es muy amplio abarcando al sector agr\u00edcola, ganadero, construcci\u00f3n y energ\u00edas renovables. Esto atrae la inversi\u00f3n de privados con el fin de poner en movimiento al econom\u00eda<\/em><\/strong>\u00ab.<\/p>\n<p>Al ser consultado sobre las repercusiones que tendr\u00e1 la implementaci\u00f3n de Mendoza Activa en nuestro departamento, evalu\u00f3: \u00ab<strong><em>Se est\u00e1 hablando en los distintos sectores como una buena propuesta hasta fin del 2021. Las inversiones que se hagan a partir de ahora en cuanto a la selecci\u00f3n y c\u00f3mo hay que adherirse se hace online a trav\u00e9s del Ministerio de Infraestructura y de Econom\u00eda y Hacienda<\/em><\/strong>\u00ab.<\/p>\n<p>Sobre la promoci\u00f3n del programa, asegur\u00f3: \u00ab<strong><em>Los ministros recorren los departamentos y en conjunto con los intendentes est\u00e1n volcando la informaci\u00f3n de esta herramienta para que puedan adherirse de muchos sectores<\/em><\/strong>\u00ab.<\/p>\n<h5><em>\u2022F.B. (F.M. Vi\u00f1as).<\/em><\/h5>\n","protected":false},"excerpt":{"rendered":"<p>\u00abEs un proyecto atractivo sobre todo en la generaci\u00f3n de pol\u00edticas para paliar la situaci\u00f3n pos pandemia donde vaticinamos una ca\u00edda &#8230;<\/p>\n","protected":false},"author":8,"featured_media":52833,"comment_status":"open","ping_status":"open","sticky":false,"template":"","format":"standard","meta":{"footnotes":""},"categories":[5,7],"tags":[],"class_list":["post-74624","post","type-post","status-publish","format-standard","has-post-thumbnail","hentry","category-actualidad","category-politica"],"_links":{"self":[{"href":"https:\/\/vinasfm.com\/noticias\/wp-json\/wp\/v2\/posts\/74624","targetHints":{"allow":["GET"]}}],"collection":[{"href":"https:\/\/vinasfm.com\/noticias\/wp-json\/wp\/v2\/posts"}],"about":[{"href":"https:\/\/vinasfm.com\/noticias\/wp-json\/wp\/v2\/types\/post"}],"author":[{"embeddable":true,"href":"https:\/\/vinasfm.com\/noticias\/wp-json\/wp\/v2\/users\/8"}],"replies":[{"embeddable":true,"href":"https:\/\/vinasfm.com\/noticias\/wp-json\/wp\/v2\/comments?post=74624"}],"version-history":[{"count":1,"href":"https:\/\/vinasfm.com\/noticias\/wp-json\/wp\/v2\/posts\/74624\/revisions"}],"predecessor-version":[{"id":74626,"href":"https:\/\/vinasfm.com\/noticias\/wp-json\/wp\/v2\/posts\/74624\/revisions\/74626"}],"wp:featuredmedia":[{"embeddable":true,"href":"https:\/\/vinasfm.com\/noticias\/wp-json\/wp\/v2\/media\/52833"}],"wp:attachment":[{"href":"https:\/\/vinasfm.com\/noticias\/wp-json\/wp\/v2\/media?parent=74624"}],"wp:term":[{"taxonomy":"category","embeddable":true,"href":"https:\/\/vinasfm.com\/noticias\/wp-json\/wp\/v2\/categories?post=74624"},{"taxonomy":"post_tag","embeddable":true,"href":"https:\/\/vinasfm.com\/noticias\/wp-json\/wp\/v2\/tags?post=74624"}],"curies":[{"name":"wp","href":"https:\/\/api.w.org\/{rel}","templated":true}]}}