{"id":74569,"date":"2020-08-11T05:05:30","date_gmt":"2020-08-11T08:05:30","guid":{"rendered":"http:\/\/vinasfm.com\/noticias\/?p=74569"},"modified":"2020-08-14T12:10:48","modified_gmt":"2020-08-14T15:10:48","slug":"alvear-bajo-rafagas-de-hasta-70km-h-consecuencias-de-una-jornada-ventosa","status":"publish","type":"post","link":"https:\/\/vinasfm.com\/noticias\/alvear-bajo-rafagas-de-hasta-70km-h-consecuencias-de-una-jornada-ventosa\/","title":{"rendered":"ALVEAR BAJO R\u00c1FAGAS DE HASTA 70KM\/H: CONSECUENCIAS DE UNA JORNADA VENTOSA"},"content":{"rendered":"<h5><strong>Alvear registr\u00f3 este lunes una jornada muy ventosa con r\u00e1fagas que alcanzaron los 70 kil\u00f3metros por hora. La guardia de Defensa Civil fue alertada de varios siniestros originados por el intenso viento. Se hab\u00eda aconsejado a la ciudadan\u00eda no salir durante la siesta.<\/strong><\/h5>\n<p>El Servicio Meteorol\u00f3gico Nacional hab\u00eda anunciado la circulaci\u00f3n de viento en el llano para despu\u00e9s del mediod\u00eda, fen\u00f3meno que con el correr de los minutos empez\u00f3 a sentirse desde el sur con variaci\u00f3n al sudeste cada vez con r\u00e1fagas de mayor magnitud.<\/p>\n<p>De acuerdo al informe brindado por entidades oficiales, <strong>sobre calle 7 entre Ruta 188 y calle G se<\/strong> registr\u00f3 la <strong>ca\u00edda de ramas y parte del tendido el\u00e9ctrico<\/strong>.<\/p>\n<p>Parte del informe detalla que <strong>Alvear Oeste se qued\u00f3 sin energ\u00eda<\/strong> a ra\u00edz de inconveniente que sufri\u00f3 la linea que le provee suministro el\u00e9ctrico. <strong>Cecsagal acudi\u00f3 r\u00e1pidamente a reparar los da\u00f1os<\/strong> para el restablecimiento del servicio en el distrito.<\/p>\n<p>En simultaneo, se alert\u00f3 a la poblaci\u00f3n evitar la circulaci\u00f3n por <strong>calle Espa\u00f1a casi esquina Av. Alvear Este<\/strong> por la <strong>ca\u00edda de un \u00e1rbol<\/strong> de importante envergadura que ocupaba media calzada, tarea para la cual fue destinada una dotaci\u00f3n de empleados municipales.<\/p>\n<p>Finalmente, el factor viento incidi\u00f3 en la <strong>propagaci\u00f3n de un incendio<\/strong> que se produjo en <strong>Uspallata e Ingeniero Lange<\/strong>.<\/p>\n<p>Para sofocar el foco \u00edgneo se destino una dotaci\u00f3n de Bomberos y con la ayuda de Defensa Civil controlaron la situaci\u00f3n tras el accionar de vecinos del lugar.<\/p>\n<h5><em>\u2022F.B. (F.M. Vi\u00f1as).<\/em><\/h5>\n","protected":false},"excerpt":{"rendered":"<p>Alvear registr\u00f3 este lunes una jornada muy ventosa con r\u00e1fagas que alcanzaron los 70 kil\u00f3metros por hora. La guardia de Defensa &#8230;<\/p>\n","protected":false},"author":8,"featured_media":74570,"comment_status":"open","ping_status":"open","sticky":false,"template":"","format":"standard","meta":{"footnotes":""},"categories":[5,51],"tags":[],"class_list":["post-74569","post","type-post","status-publish","format-standard","has-post-thumbnail","hentry","category-actualidad","category-defensa-civil"],"_links":{"self":[{"href":"https:\/\/vinasfm.com\/noticias\/wp-json\/wp\/v2\/posts\/74569","targetHints":{"allow":["GET"]}}],"collection":[{"href":"https:\/\/vinasfm.com\/noticias\/wp-json\/wp\/v2\/posts"}],"about":[{"href":"https:\/\/vinasfm.com\/noticias\/wp-json\/wp\/v2\/types\/post"}],"author":[{"embeddable":true,"href":"https:\/\/vinasfm.com\/noticias\/wp-json\/wp\/v2\/users\/8"}],"replies":[{"embeddable":true,"href":"https:\/\/vinasfm.com\/noticias\/wp-json\/wp\/v2\/comments?post=74569"}],"version-history":[{"count":3,"href":"https:\/\/vinasfm.com\/noticias\/wp-json\/wp\/v2\/posts\/74569\/revisions"}],"predecessor-version":[{"id":74679,"href":"https:\/\/vinasfm.com\/noticias\/wp-json\/wp\/v2\/posts\/74569\/revisions\/74679"}],"wp:featuredmedia":[{"embeddable":true,"href":"https:\/\/vinasfm.com\/noticias\/wp-json\/wp\/v2\/media\/74570"}],"wp:attachment":[{"href":"https:\/\/vinasfm.com\/noticias\/wp-json\/wp\/v2\/media?parent=74569"}],"wp:term":[{"taxonomy":"category","embeddable":true,"href":"https:\/\/vinasfm.com\/noticias\/wp-json\/wp\/v2\/categories?post=74569"},{"taxonomy":"post_tag","embeddable":true,"href":"https:\/\/vinasfm.com\/noticias\/wp-json\/wp\/v2\/tags?post=74569"}],"curies":[{"name":"wp","href":"https:\/\/api.w.org\/{rel}","templated":true}]}}