{"id":74526,"date":"2020-08-10T08:11:21","date_gmt":"2020-08-10T11:11:21","guid":{"rendered":"http:\/\/vinasfm.com\/noticias\/?p=74526"},"modified":"2020-08-10T12:22:57","modified_gmt":"2020-08-10T15:22:57","slug":"que-beneficiarios-de-anses-cobran-este-lunes-10-de-agosto","status":"publish","type":"post","link":"https:\/\/vinasfm.com\/noticias\/que-beneficiarios-de-anses-cobran-este-lunes-10-de-agosto\/","title":{"rendered":"QU\u00c9 BENEFICIARIOS DE ANSES COBRAN ESTE LUNES 10 DE AGOSTO"},"content":{"rendered":"<h4><strong>Desde la Administraci\u00f3n Nacional de la Seguridad Social informaron qu\u00e9 beneficiarios de Jubilaciones, Pensiones, Asignaciones y Prestaci\u00f3n por Desempleo cobrar\u00e1n este lunes 10 de agosto. Los detalles.<\/strong><\/h4>\n<h4><strong>TITULARES DE JUBILACIONES Y PENSIONES DEL SISTEMA INTEGRADO PREVISIONAL ARGENTINO (SIPA)<\/strong><\/h4>\n<p>Las sucursales bancarias habilitadas atender\u00e1n por ventanilla solo a los <strong>jubilados y pensionados con documentos terminados en 0 y cuyos haberes NO superen la suma de $18.952<\/strong>.<\/p>\n<p>En este sentido, si bien estas personas no tienen que solicitar turno previo para cobrar este beneficio,\u00a0<strong>deben acercarse a la sucursal bancaria \u00fanicamente en la fecha asignada<\/strong>. Cabe recordar que los haberes permanecer\u00e1n depositados en sus cuentas.<\/p>\n<h4><strong>ASIGNACI\u00d3N UNIVERSAL POR HIJO Y POR EMBARAZO<\/strong><\/h4>\n<p>Los titulares de la Asignaci\u00f3n Universal por Hijo (AUH) y aquellos de la Asignaci\u00f3n Universal por Embarazo (AUE), ambos con documentos finalizados en <strong>0<\/strong> ma\u00f1ana perciben su prestaci\u00f3n junto al Ingreso Familiar de Emergencia (IFE), utilizando su tarjeta de d\u00e9bito.<\/p>\n<h4><strong>ASIGNACI\u00d3N PRENATAL Y POR MATERNIDAD<\/strong><\/h4>\n<p>Los titulares de la Asignaci\u00f3n por Prenatal y Asignaci\u00f3n por Maternidad con documentos terminados en <strong>0 <\/strong>y<strong> 1<\/strong> ma\u00f1ana cobran su prestaci\u00f3n.<\/p>\n<h4><strong>PROGRAMA HOGAR<\/strong><\/h4>\n<p>La ANSES y la Secretar\u00eda de Energ\u00eda impulsan en conjunto el Programa Hogar, mediante el cual se otorga un subsidio para la compra de garrafas en viviendas que no est\u00e1n conectadas a la red de gas natural. Ma\u00f1ana cobran este beneficio las personas cuyos documentos finalizan en <strong>0<\/strong>.<\/p>\n","protected":false},"excerpt":{"rendered":"<p>Desde la Administraci\u00f3n Nacional de la Seguridad Social informaron qu\u00e9 beneficiarios de Jubilaciones, Pensiones, Asignaciones y Prestaci\u00f3n por Desempleo cobrar\u00e1n este &#8230;<\/p>\n","protected":false},"author":8,"featured_media":51700,"comment_status":"open","ping_status":"open","sticky":false,"template":"","format":"standard","meta":{"footnotes":""},"categories":[5,50],"tags":[],"class_list":["post-74526","post","type-post","status-publish","format-standard","has-post-thumbnail","hentry","category-actualidad","category-anses"],"_links":{"self":[{"href":"https:\/\/vinasfm.com\/noticias\/wp-json\/wp\/v2\/posts\/74526","targetHints":{"allow":["GET"]}}],"collection":[{"href":"https:\/\/vinasfm.com\/noticias\/wp-json\/wp\/v2\/posts"}],"about":[{"href":"https:\/\/vinasfm.com\/noticias\/wp-json\/wp\/v2\/types\/post"}],"author":[{"embeddable":true,"href":"https:\/\/vinasfm.com\/noticias\/wp-json\/wp\/v2\/users\/8"}],"replies":[{"embeddable":true,"href":"https:\/\/vinasfm.com\/noticias\/wp-json\/wp\/v2\/comments?post=74526"}],"version-history":[{"count":1,"href":"https:\/\/vinasfm.com\/noticias\/wp-json\/wp\/v2\/posts\/74526\/revisions"}],"predecessor-version":[{"id":74529,"href":"https:\/\/vinasfm.com\/noticias\/wp-json\/wp\/v2\/posts\/74526\/revisions\/74529"}],"wp:featuredmedia":[{"embeddable":true,"href":"https:\/\/vinasfm.com\/noticias\/wp-json\/wp\/v2\/media\/51700"}],"wp:attachment":[{"href":"https:\/\/vinasfm.com\/noticias\/wp-json\/wp\/v2\/media?parent=74526"}],"wp:term":[{"taxonomy":"category","embeddable":true,"href":"https:\/\/vinasfm.com\/noticias\/wp-json\/wp\/v2\/categories?post=74526"},{"taxonomy":"post_tag","embeddable":true,"href":"https:\/\/vinasfm.com\/noticias\/wp-json\/wp\/v2\/tags?post=74526"}],"curies":[{"name":"wp","href":"https:\/\/api.w.org\/{rel}","templated":true}]}}