{"id":74490,"date":"2020-08-08T12:55:43","date_gmt":"2020-08-08T15:55:43","guid":{"rendered":"http:\/\/vinasfm.com\/noticias\/?p=74490"},"modified":"2020-08-10T12:23:53","modified_gmt":"2020-08-10T15:23:53","slug":"se-incendio-la-carga-de-un-camion-que-iba-a-la-planta-de-rsu","status":"publish","type":"post","link":"https:\/\/vinasfm.com\/noticias\/se-incendio-la-carga-de-un-camion-que-iba-a-la-planta-de-rsu\/","title":{"rendered":"SE INCENDI\u00d3 LA CARGA DE UN CAMI\u00d3N QUE IBA A LA PLANTA DE RSU"},"content":{"rendered":"<h5><strong>Situaci\u00f3n in\u00e9dita vivi\u00f3 en horas de la tarde de este viernes el conductor de uno de los camiones que transportaba carga destinada a la Planta de Residuos S\u00f3lidos y Urbanos. De un momento a otro, la carga se incendi\u00f3.<\/strong><\/h5>\n<p>El siniestro se produjo cerca de las <strong>18:14h<\/strong> en <strong>calle O y 10<\/strong>, cuando el hombre observ\u00f3 que la carga comenz\u00f3 a incendiarse por lo que<strong> decidi\u00f3 arrojarla sobre el pavimento ya que en sus costados hab\u00eda demasiada maleza y, adem\u00e1s, para evitar que el cami\u00f3n se viera afectado<\/strong>.<\/p>\n<p>Tras ser alertados al numero de guardia, <strong>una dotaci\u00f3n compuesta por tres bomberos acudi\u00f3 raudamente a sofocar las llamas<\/strong>. Haciendo uso de linea de ataque directo lograron reducir el foco \u00edgneo y controlar la situaci\u00f3n.<\/p>\n<h5><em>F.B. (F.M. Vi\u00f1as).<\/em><\/h5>\n","protected":false},"excerpt":{"rendered":"<p>Situaci\u00f3n in\u00e9dita vivi\u00f3 en horas de la tarde de este viernes el conductor de uno de los camiones que transportaba carga &#8230;<\/p>\n","protected":false},"author":8,"featured_media":74491,"comment_status":"open","ping_status":"open","sticky":false,"template":"","format":"standard","meta":{"footnotes":""},"categories":[5,76],"tags":[],"class_list":["post-74490","post","type-post","status-publish","format-standard","has-post-thumbnail","hentry","category-actualidad","category-bomberos"],"_links":{"self":[{"href":"https:\/\/vinasfm.com\/noticias\/wp-json\/wp\/v2\/posts\/74490","targetHints":{"allow":["GET"]}}],"collection":[{"href":"https:\/\/vinasfm.com\/noticias\/wp-json\/wp\/v2\/posts"}],"about":[{"href":"https:\/\/vinasfm.com\/noticias\/wp-json\/wp\/v2\/types\/post"}],"author":[{"embeddable":true,"href":"https:\/\/vinasfm.com\/noticias\/wp-json\/wp\/v2\/users\/8"}],"replies":[{"embeddable":true,"href":"https:\/\/vinasfm.com\/noticias\/wp-json\/wp\/v2\/comments?post=74490"}],"version-history":[{"count":1,"href":"https:\/\/vinasfm.com\/noticias\/wp-json\/wp\/v2\/posts\/74490\/revisions"}],"predecessor-version":[{"id":74495,"href":"https:\/\/vinasfm.com\/noticias\/wp-json\/wp\/v2\/posts\/74490\/revisions\/74495"}],"wp:featuredmedia":[{"embeddable":true,"href":"https:\/\/vinasfm.com\/noticias\/wp-json\/wp\/v2\/media\/74491"}],"wp:attachment":[{"href":"https:\/\/vinasfm.com\/noticias\/wp-json\/wp\/v2\/media?parent=74490"}],"wp:term":[{"taxonomy":"category","embeddable":true,"href":"https:\/\/vinasfm.com\/noticias\/wp-json\/wp\/v2\/categories?post=74490"},{"taxonomy":"post_tag","embeddable":true,"href":"https:\/\/vinasfm.com\/noticias\/wp-json\/wp\/v2\/tags?post=74490"}],"curies":[{"name":"wp","href":"https:\/\/api.w.org\/{rel}","templated":true}]}}