{"id":74451,"date":"2020-08-08T10:50:47","date_gmt":"2020-08-08T13:50:47","guid":{"rendered":"http:\/\/vinasfm.com\/noticias\/?p=74451"},"modified":"2020-08-08T13:11:40","modified_gmt":"2020-08-08T16:11:40","slug":"gustavo-villegas-se-refirio-a-la-polemica-resolucion-408","status":"publish","type":"post","link":"https:\/\/vinasfm.com\/noticias\/gustavo-villegas-se-refirio-a-la-polemica-resolucion-408\/","title":{"rendered":"GUSTAVO VILLEGAS SE REFIRI\u00d3 A LA POL\u00c9MICA RESOLUCI\u00d3N 408"},"content":{"rendered":"<h4><strong>En dialogo con F.M. Vi\u00f1as el Consejero del R\u00edo Atuel Gustavo Villegas habl\u00f3 de la modificaci\u00f3n de la Resoluci\u00f3n 408 del DGI, y otros temas relacionados al organismo.<\/strong><\/h4>\n<h4><strong>RESOLUCI\u00d3N 408.<\/strong><\/h4>\n<p>Villegas detall\u00f3 que no se dio marcha atr\u00e1s con la Resoluci\u00f3n, sino que se cambi\u00f3 un art\u00edculo \u201cque prestaba a la confusi\u00f3n\u201d a pedido de los inspectores de cauce, en la que se mencionaba \u201csolo dar agua a las hect\u00e1reas cultivadas\u201d.<\/p>\n<p>En este sentido explic\u00f3 que \u201cuna cosa es la dotaci\u00f3n de agua y otra el derecho\u201d. El derecho es inherente a la tierra y hay ciertas condiciones por lo cual puede perder una propiedad el derecho. En este caso se habla de dotaci\u00f3n, en \u00e9poca de crisis se prioriza la hect\u00e1rea con producci\u00f3n\u201d.<\/p>\n<h4><strong>ESTADO DE LOS EMBALSES<\/strong><\/h4>\n<p>Por estos d\u00edas Valle Grande est\u00e1 al 97% de su capacidad, mientras que Nihuil al 33%. El Consejero explic\u00f3 los porcentajes se deben a una operaci\u00f3n realizada por IMSA, empresa hidroel\u00e9ctrica que genera energ\u00eda.<\/p>\n<p>\u201cTienen un m\u00ednimo y un m\u00e1ximo de operaci\u00f3n\u201d. A pedido de CAMESA generan electricidad, \u201cno tiene que ver con manejos para el riego, ni una cantidad sobrante de agua\u201d. La situaci\u00f3n se replica en Agua del Toro y Los Reyunos.<\/p>\n<h4>RIEGO<\/h4>\n<p>Por estos d\u00edas se eval\u00faa el comienzo de la temporada de riego en la cuenca atuelina para fines de agosto como fecha estimativa. No se descarta que en alg\u00fan momento se deba seccionar.<\/p>\n<p>Las estimaciones generales se conocer\u00e1n en octubre cuando este realizado el pron\u00f3stico de escurrimiento, \u201ces cuando los t\u00e9cnicos saben en forma real y en el lugar la cantidad de nieve que hay\u201d.<\/p>\n<h5><em><strong>A.C.<\/strong><\/em><\/h5>\n","protected":false},"excerpt":{"rendered":"<p>En dialogo con F.M. Vi\u00f1as el Consejero del R\u00edo Atuel Gustavo Villegas habl\u00f3 de la modificaci\u00f3n de la Resoluci\u00f3n 408 del &#8230;<\/p>\n","protected":false},"author":7,"featured_media":45441,"comment_status":"open","ping_status":"open","sticky":false,"template":"","format":"standard","meta":{"footnotes":""},"categories":[5,37],"tags":[],"class_list":["post-74451","post","type-post","status-publish","format-standard","has-post-thumbnail","hentry","category-actualidad","category-irrigacion"],"_links":{"self":[{"href":"https:\/\/vinasfm.com\/noticias\/wp-json\/wp\/v2\/posts\/74451","targetHints":{"allow":["GET"]}}],"collection":[{"href":"https:\/\/vinasfm.com\/noticias\/wp-json\/wp\/v2\/posts"}],"about":[{"href":"https:\/\/vinasfm.com\/noticias\/wp-json\/wp\/v2\/types\/post"}],"author":[{"embeddable":true,"href":"https:\/\/vinasfm.com\/noticias\/wp-json\/wp\/v2\/users\/7"}],"replies":[{"embeddable":true,"href":"https:\/\/vinasfm.com\/noticias\/wp-json\/wp\/v2\/comments?post=74451"}],"version-history":[{"count":1,"href":"https:\/\/vinasfm.com\/noticias\/wp-json\/wp\/v2\/posts\/74451\/revisions"}],"predecessor-version":[{"id":74485,"href":"https:\/\/vinasfm.com\/noticias\/wp-json\/wp\/v2\/posts\/74451\/revisions\/74485"}],"wp:featuredmedia":[{"embeddable":true,"href":"https:\/\/vinasfm.com\/noticias\/wp-json\/wp\/v2\/media\/45441"}],"wp:attachment":[{"href":"https:\/\/vinasfm.com\/noticias\/wp-json\/wp\/v2\/media?parent=74451"}],"wp:term":[{"taxonomy":"category","embeddable":true,"href":"https:\/\/vinasfm.com\/noticias\/wp-json\/wp\/v2\/categories?post=74451"},{"taxonomy":"post_tag","embeddable":true,"href":"https:\/\/vinasfm.com\/noticias\/wp-json\/wp\/v2\/tags?post=74451"}],"curies":[{"name":"wp","href":"https:\/\/api.w.org\/{rel}","templated":true}]}}