{"id":74377,"date":"2020-08-19T08:45:45","date_gmt":"2020-08-19T11:45:45","guid":{"rendered":"http:\/\/vinasfm.com\/noticias\/?p=74377"},"modified":"2020-08-19T09:07:13","modified_gmt":"2020-08-19T12:07:13","slug":"se-abrieron-las-inscripciones-para-un-nuevo-curso-de-lengua-de-senas","status":"publish","type":"post","link":"https:\/\/vinasfm.com\/noticias\/se-abrieron-las-inscripciones-para-un-nuevo-curso-de-lengua-de-senas\/","title":{"rendered":"HOY COMIENZA DE FORMA ON-LINE UN NUEVO CURSO DE LENGUA DE SE\u00d1AS"},"content":{"rendered":"<h4><strong>Desde la Direcci\u00f3n de Discapacidad de la Municipalidad anunciaron el Programa de Capacitaci\u00f3n de Lengua de Se\u00f1as Argentinas 2020, nivel 1 y 2, con modalidad On line, por Zoom, comienza este mi\u00e9rcoles 19.<\/strong><\/h4>\n<div>Las <strong>inscripciones cerraron el pasado viernes 14 de agosto<\/strong>, mientras que <strong>el inicio del curso es este 19 <\/strong>con una<strong> duraci\u00f3n de dos meses y medio<\/strong>, con <strong>clases de dos veces por semana de 2h con dos niveles<\/strong>.<\/div>\n<div><\/div>\n<div>\u201c<strong><em>Comenzar\u00e1 el Curso de Lengua de Se\u00f1a el d\u00eda 19 de agosto, tiene una duraci\u00f3n de 2 meses y medio, tienen dos niveles, estos cursos tienen mucha repercusi\u00f3n el a\u00f1o pasado se realizaron ocho curso en total, por supuesto que al finalizar el curso se le hace entrega de un certificado<\/em><\/strong>\u201d, explic\u00f3 <strong>Roberto Castillo<\/strong>, <strong>Asesor de Discapacidad<\/strong>.<\/div>\n<div><\/div>\n<div>Al ser consultado sobre el p\u00fablico al que apunta el curso, el funcionario puntualiz\u00f3: \u201c<strong><em>Es para todos los que est\u00e9n interesados, polic\u00edas, empleados de restaurantes, empleados que atiendan al p\u00fablico, docentes, personal de hospital, empleados municipales. etc<\/em><\/strong>\u201d.<\/div>\n<div><\/div>\n<div><strong>Paula Pugliese<\/strong>, <strong>profesora del curso<\/strong>, manifest\u00f3 \u201c<em><strong>La modalidad es el primer nivel consiste en 12 clases de 2h, luego se pasa al seg\u00fan nivel. Los que terminaron el primer nivel en el 2019 y 2018 puede comenzar directamente en el segundo nivel<\/strong><\/em>\u201d.<\/div>\n<h5><em>\u2022F.B. (F.M. Vi\u00f1as)<\/em>.<\/h5>\n","protected":false},"excerpt":{"rendered":"<p>Desde la Direcci\u00f3n de Discapacidad de la Municipalidad anunciaron el Programa de Capacitaci\u00f3n de Lengua de Se\u00f1as Argentinas 2020, nivel 1 &#8230;<\/p>\n","protected":false},"author":8,"featured_media":74378,"comment_status":"open","ping_status":"open","sticky":false,"template":"","format":"standard","meta":{"footnotes":""},"categories":[5,18],"tags":[],"class_list":["post-74377","post","type-post","status-publish","format-standard","has-post-thumbnail","hentry","category-actualidad","category-educacion"],"_links":{"self":[{"href":"https:\/\/vinasfm.com\/noticias\/wp-json\/wp\/v2\/posts\/74377","targetHints":{"allow":["GET"]}}],"collection":[{"href":"https:\/\/vinasfm.com\/noticias\/wp-json\/wp\/v2\/posts"}],"about":[{"href":"https:\/\/vinasfm.com\/noticias\/wp-json\/wp\/v2\/types\/post"}],"author":[{"embeddable":true,"href":"https:\/\/vinasfm.com\/noticias\/wp-json\/wp\/v2\/users\/8"}],"replies":[{"embeddable":true,"href":"https:\/\/vinasfm.com\/noticias\/wp-json\/wp\/v2\/comments?post=74377"}],"version-history":[{"count":2,"href":"https:\/\/vinasfm.com\/noticias\/wp-json\/wp\/v2\/posts\/74377\/revisions"}],"predecessor-version":[{"id":75053,"href":"https:\/\/vinasfm.com\/noticias\/wp-json\/wp\/v2\/posts\/74377\/revisions\/75053"}],"wp:featuredmedia":[{"embeddable":true,"href":"https:\/\/vinasfm.com\/noticias\/wp-json\/wp\/v2\/media\/74378"}],"wp:attachment":[{"href":"https:\/\/vinasfm.com\/noticias\/wp-json\/wp\/v2\/media?parent=74377"}],"wp:term":[{"taxonomy":"category","embeddable":true,"href":"https:\/\/vinasfm.com\/noticias\/wp-json\/wp\/v2\/categories?post=74377"},{"taxonomy":"post_tag","embeddable":true,"href":"https:\/\/vinasfm.com\/noticias\/wp-json\/wp\/v2\/tags?post=74377"}],"curies":[{"name":"wp","href":"https:\/\/api.w.org\/{rel}","templated":true}]}}