{"id":74262,"date":"2020-08-05T08:32:24","date_gmt":"2020-08-05T11:32:24","guid":{"rendered":"http:\/\/vinasfm.com\/noticias\/?p=74262"},"modified":"2020-08-06T10:07:31","modified_gmt":"2020-08-06T13:07:31","slug":"asi-estara-el-tiempo-este-miercoles-3","status":"publish","type":"post","link":"https:\/\/vinasfm.com\/noticias\/asi-estara-el-tiempo-este-miercoles-3\/","title":{"rendered":"AS\u00cd ESTAR\u00c1 EL TIEMPO ESTE MI\u00c9RCOLES"},"content":{"rendered":"<p>La Direcci\u00f3n de Contingencias Clim\u00e1ticas confirm\u00f3 que el tiempo este mi\u00e9rcoles estar\u00e1 \u00abparcialmente nublado con poco cambio de la temperatura con vientos moderados del sudeste.<strong>\u00a0Habr\u00e1 viento Zonda en precordillera durante la ma\u00f1ana\u00bb.<\/strong><\/p>\n<p><strong>Asimismo, el organismo precis\u00f3 estar\u00e1 inestable en cordillera con ingreso de un frente fr\u00edo al finalizar la jornada\u00bb.<\/strong> La m\u00e1xima llegar\u00eda a los 21\u00b0C.<\/p>\n<p><strong>Por su parte, este jueves el tiempo estar\u00e1 \u00abparcialmente nublado, fr\u00edo y ventoso, con descenso de la temperatura y vientos moderados del sudeste\u00bb.<\/strong> La m\u00e1xima llegar\u00eda a los 14\u00b0C y la m\u00ednima a los 7\u00b0C.<\/p>\n<p>Para el viernes se anuncia \u201cpoca nubosidad con heladas y ascenso de la temperatura, vientos leves del noreste. M\u00e1xima: 16\u00baC M\u00ednima: 2\u00baC\u201d.<\/p>\n<h5><strong><em>A.C.<\/em><\/strong><\/h5>\n","protected":false},"excerpt":{"rendered":"<p>La Direcci\u00f3n de Contingencias Clim\u00e1ticas confirm\u00f3 que el tiempo este mi\u00e9rcoles estar\u00e1 \u00abparcialmente nublado con poco cambio de la temperatura con &#8230;<\/p>\n","protected":false},"author":7,"featured_media":53046,"comment_status":"open","ping_status":"open","sticky":false,"template":"","format":"standard","meta":{"footnotes":""},"categories":[1],"tags":[],"class_list":["post-74262","post","type-post","status-publish","format-standard","has-post-thumbnail","hentry","category-fmvinas"],"_links":{"self":[{"href":"https:\/\/vinasfm.com\/noticias\/wp-json\/wp\/v2\/posts\/74262","targetHints":{"allow":["GET"]}}],"collection":[{"href":"https:\/\/vinasfm.com\/noticias\/wp-json\/wp\/v2\/posts"}],"about":[{"href":"https:\/\/vinasfm.com\/noticias\/wp-json\/wp\/v2\/types\/post"}],"author":[{"embeddable":true,"href":"https:\/\/vinasfm.com\/noticias\/wp-json\/wp\/v2\/users\/7"}],"replies":[{"embeddable":true,"href":"https:\/\/vinasfm.com\/noticias\/wp-json\/wp\/v2\/comments?post=74262"}],"version-history":[{"count":1,"href":"https:\/\/vinasfm.com\/noticias\/wp-json\/wp\/v2\/posts\/74262\/revisions"}],"predecessor-version":[{"id":74263,"href":"https:\/\/vinasfm.com\/noticias\/wp-json\/wp\/v2\/posts\/74262\/revisions\/74263"}],"wp:featuredmedia":[{"embeddable":true,"href":"https:\/\/vinasfm.com\/noticias\/wp-json\/wp\/v2\/media\/53046"}],"wp:attachment":[{"href":"https:\/\/vinasfm.com\/noticias\/wp-json\/wp\/v2\/media?parent=74262"}],"wp:term":[{"taxonomy":"category","embeddable":true,"href":"https:\/\/vinasfm.com\/noticias\/wp-json\/wp\/v2\/categories?post=74262"},{"taxonomy":"post_tag","embeddable":true,"href":"https:\/\/vinasfm.com\/noticias\/wp-json\/wp\/v2\/tags?post=74262"}],"curies":[{"name":"wp","href":"https:\/\/api.w.org\/{rel}","templated":true}]}}