{"id":74258,"date":"2020-08-05T08:02:25","date_gmt":"2020-08-05T11:02:25","guid":{"rendered":"http:\/\/vinasfm.com\/noticias\/?p=74258"},"modified":"2020-08-06T12:24:24","modified_gmt":"2020-08-06T15:24:24","slug":"el-iscamen-organiza-charla-virtual-sobre-uso-de-biocontroladores-y-agroecologia","status":"publish","type":"post","link":"https:\/\/vinasfm.com\/noticias\/el-iscamen-organiza-charla-virtual-sobre-uso-de-biocontroladores-y-agroecologia\/","title":{"rendered":"EL ISCAMEN ORGANIZA CHARLA VIRTUAL SOBRE USO DE BIOCONTROLADORES Y AGROECOLOG\u00cdA"},"content":{"rendered":"<h4>Como parte del trabajo interinstitucional, el jueves 6 de agosto, profesionales del Iscamen y del INTA brindar\u00e1n una capacitaci\u00f3n v\u00eda\u00a0<em>streaming<\/em>\u00a0sobre el enfoque de la agroecolog\u00eda y el uso de biocontroladores como nueva herramienta para el control de plagas.<\/h4>\n<p>La jornada virtual ser\u00e1 gratuita, el 6 de agosto, de 15 a 16.30, y no necesita de inscripci\u00f3n previa. Se la podr\u00e1 seguir por\u00a0<a href=\"https:\/\/youtu.be\/xWI72LVCONs\">el canal Youtube del Centro Regional Mendoza-San Juan INTA<\/a>, donde disertar\u00e1n profesionales de ambas instituciones y habr\u00e1 un tiempo adicional para la puesta en com\u00fan de las inquietudes que surjan durante el transcurso de la capacitaci\u00f3n. Bajo el t\u00edtulo de \u201cUso de biocontroladores: una alternativa agroecol\u00f3gica\u201d, la iniciativa tiene como objeto exponer los alcances de la tem\u00e1tica como herramienta de control.<\/p>\n<p>En primer lugar, Jos\u00e9 Portela, investigador de la Estaci\u00f3n Experimental Agropecuaria del INTA La Consulta, ofrecer\u00e1 un marco conceptual general sobre la agroecolog\u00eda y por qu\u00e9 implica una nueva forma de pensar y abordar la realidad agropecuaria. Se tratar\u00e1 la relaci\u00f3n de la agroecolog\u00eda con la sostenibilidad y tambi\u00e9n el desaf\u00edo de integrar m\u00faltiples escalas, desde el cultivo hasta el territorio, haciendo foco en el agroecosistema y en los servicios ecosist\u00e9micos que este ofrece. Se expondr\u00e1n ejemplos locales de este tipo de manejo en los que se aprovecha la biodiversidad para el control de plagas.<\/p>\n<p>Luego, el coordinador del programa Agroecolog\u00eda del Iscamen, Gast\u00f3n Crauchuk, abordar\u00e1 las caracter\u00edsticas para la implementaci\u00f3n de pr\u00e1cticas agroecol\u00f3gicas en zonas des\u00e9rticas como Mendoza. Esto dar\u00e1 pie a que se explaye sobre microbiolog\u00eda del suelo, instalaci\u00f3n de trampas para insectos, bioinsumos, dise\u00f1o de huerta y cr\u00eda de controladores biol\u00f3gicos, entre otros.<\/p>\n<p><iframe loading=\"lazy\" title=\"Uso de biocontroladores, una alternativa agroecol\u00f3gica\" width=\"1140\" height=\"641\" src=\"https:\/\/www.youtube.com\/embed\/xWI72LVCONs?feature=oembed\" frameborder=\"0\" allow=\"accelerometer; autoplay; encrypted-media; gyroscope; picture-in-picture\" allowfullscreen><\/iframe><\/p>\n<h5><em><strong>A.C.<\/strong><\/em><\/h5>\n","protected":false},"excerpt":{"rendered":"<p>Como parte del trabajo interinstitucional, el jueves 6 de agosto, profesionales del Iscamen y del INTA brindar\u00e1n una capacitaci\u00f3n v\u00eda\u00a0streaming\u00a0sobre el &#8230;<\/p>\n","protected":false},"author":7,"featured_media":74259,"comment_status":"open","ping_status":"open","sticky":false,"template":"","format":"standard","meta":{"footnotes":""},"categories":[5,35],"tags":[],"class_list":["post-74258","post","type-post","status-publish","format-standard","has-post-thumbnail","hentry","category-actualidad","category-iscamen"],"_links":{"self":[{"href":"https:\/\/vinasfm.com\/noticias\/wp-json\/wp\/v2\/posts\/74258","targetHints":{"allow":["GET"]}}],"collection":[{"href":"https:\/\/vinasfm.com\/noticias\/wp-json\/wp\/v2\/posts"}],"about":[{"href":"https:\/\/vinasfm.com\/noticias\/wp-json\/wp\/v2\/types\/post"}],"author":[{"embeddable":true,"href":"https:\/\/vinasfm.com\/noticias\/wp-json\/wp\/v2\/users\/7"}],"replies":[{"embeddable":true,"href":"https:\/\/vinasfm.com\/noticias\/wp-json\/wp\/v2\/comments?post=74258"}],"version-history":[{"count":1,"href":"https:\/\/vinasfm.com\/noticias\/wp-json\/wp\/v2\/posts\/74258\/revisions"}],"predecessor-version":[{"id":74260,"href":"https:\/\/vinasfm.com\/noticias\/wp-json\/wp\/v2\/posts\/74258\/revisions\/74260"}],"wp:featuredmedia":[{"embeddable":true,"href":"https:\/\/vinasfm.com\/noticias\/wp-json\/wp\/v2\/media\/74259"}],"wp:attachment":[{"href":"https:\/\/vinasfm.com\/noticias\/wp-json\/wp\/v2\/media?parent=74258"}],"wp:term":[{"taxonomy":"category","embeddable":true,"href":"https:\/\/vinasfm.com\/noticias\/wp-json\/wp\/v2\/categories?post=74258"},{"taxonomy":"post_tag","embeddable":true,"href":"https:\/\/vinasfm.com\/noticias\/wp-json\/wp\/v2\/tags?post=74258"}],"curies":[{"name":"wp","href":"https:\/\/api.w.org\/{rel}","templated":true}]}}