{"id":74219,"date":"2020-08-05T09:40:43","date_gmt":"2020-08-05T12:40:43","guid":{"rendered":"http:\/\/vinasfm.com\/noticias\/?p=74219"},"modified":"2020-08-08T12:39:49","modified_gmt":"2020-08-08T15:39:49","slug":"con-misas-reducidas-asi-sera-el-cronograma-de-actividades-en-honor-a-san-cayetano","status":"publish","type":"post","link":"https:\/\/vinasfm.com\/noticias\/con-misas-reducidas-asi-sera-el-cronograma-de-actividades-en-honor-a-san-cayetano\/","title":{"rendered":"CON MISAS REDUCIDAS, AS\u00cd SER\u00c1 EL CRONOGRAMA DE ACTIVIDADES EN HONOR A SAN CAYETANO"},"content":{"rendered":"<h4><strong>\u00abLa Sagrada Eucarist\u00eda\u00bb es el tema de predicaci\u00f3n en el marco de la Novena y Fiesta Patronal de San Cayetano que concluye el pr\u00f3ximo viernes 7 de agosto en la Iglesia de Bowen.<\/strong><\/h4>\n<p>Como es tradici\u00f3n en nuestro departamento, cada edici\u00f3n de la fiesta patronal de <strong>San Cayetano<\/strong>, los fieles peregrinan hasta el distrito del Este rogando por <strong><em>Paz, Pan y Trabajo<\/em><\/strong>. <strong>Este a\u00f1o<\/strong>, producto de la etapa de distanciamiento social, <strong>tendr\u00e1 algunas particularidades que regularan las celebraciones<\/strong>.<\/p>\n<p>El <strong>p\u00e1rroco Ferm\u00edn Raush<\/strong> explic\u00f3 en el aire de <strong>F.M. Vi\u00f1as<\/strong> que \u00ab<strong><em>el viernes 7 se realizar\u00e1n 3 misas en la ma\u00f1ana y 3 en la tarde, la de las 0h no se realizar\u00e1 este a\u00f1o producto de la pandemia\u00bb,\u00a0<\/em><\/strong>y en la misma l\u00ednea subray\u00f3 que \u00ab<strong><em>no habr\u00e1 procesi\u00f3n ni misas en la plaza Distrital como es tradici\u00f3n. Todas se realizar\u00e1n en el interior del templo con un m\u00e1ximo de 30 personas respetando el protocolo y se comunicar\u00e1 los medios para que aquellos que deseen asistir se inscriban<\/em><\/strong>\u00ab.<\/p>\n<h4><strong>7 DE AGOSTO: FIESTA PATRONAL<\/strong><\/h4>\n<ul>\n<li><strong>Ma\u00f1ana: 8:30h, 10:30h, 12:30h.<\/strong><\/li>\n<li><strong>Tarde: 15:30h, 17:30h, 19:30h.<\/strong><\/li>\n<\/ul>\n<p>El p\u00e1rroco asever\u00f3 que <strong>la imagen de San Cayetano recorrer\u00e1 los barrios de Bowen de 14 a 15h en una peque\u00f1a peregrinaci\u00f3n<\/strong> que est\u00e1 abierta a aquellos que deseen sumarse con sus veh\u00edculos: \u00ab<strong><em>Las celebraciones religiosas son sin numero de DNI pero consideramos prudente que a la caravana participen de acuerdo a la terminaci\u00f3n del documento<\/em><\/strong>\u00ab, explic\u00f3.<\/p>\n<p>Teniendo en cuenta que un gran numero de fieles pertenecen al grupo de riesgo, <strong>Raush<\/strong> aconsej\u00f3 que \u00ab<strong><em>no asistan a las celebraciones y se sumen a la transmisi\u00f3n radial<\/em><\/strong>\u00bb que se emitir\u00e1 por <strong>F.M. VI\u00d1AS 96.3<\/strong> y <strong>LV23 88.9. desde las 14h.<\/strong><\/p>\n<h5><em>\u2022Fernando Burett (F.M. Vi\u00f1as).<\/em><\/h5>\n","protected":false},"excerpt":{"rendered":"<p>\u00abLa Sagrada Eucarist\u00eda\u00bb es el tema de predicaci\u00f3n en el marco de la Novena y Fiesta Patronal de San Cayetano que &#8230;<\/p>\n","protected":false},"author":8,"featured_media":74225,"comment_status":"open","ping_status":"open","sticky":false,"template":"","format":"standard","meta":{"footnotes":""},"categories":[5],"tags":[],"class_list":["post-74219","post","type-post","status-publish","format-standard","has-post-thumbnail","hentry","category-actualidad"],"_links":{"self":[{"href":"https:\/\/vinasfm.com\/noticias\/wp-json\/wp\/v2\/posts\/74219","targetHints":{"allow":["GET"]}}],"collection":[{"href":"https:\/\/vinasfm.com\/noticias\/wp-json\/wp\/v2\/posts"}],"about":[{"href":"https:\/\/vinasfm.com\/noticias\/wp-json\/wp\/v2\/types\/post"}],"author":[{"embeddable":true,"href":"https:\/\/vinasfm.com\/noticias\/wp-json\/wp\/v2\/users\/8"}],"replies":[{"embeddable":true,"href":"https:\/\/vinasfm.com\/noticias\/wp-json\/wp\/v2\/comments?post=74219"}],"version-history":[{"count":2,"href":"https:\/\/vinasfm.com\/noticias\/wp-json\/wp\/v2\/posts\/74219\/revisions"}],"predecessor-version":[{"id":74231,"href":"https:\/\/vinasfm.com\/noticias\/wp-json\/wp\/v2\/posts\/74219\/revisions\/74231"}],"wp:featuredmedia":[{"embeddable":true,"href":"https:\/\/vinasfm.com\/noticias\/wp-json\/wp\/v2\/media\/74225"}],"wp:attachment":[{"href":"https:\/\/vinasfm.com\/noticias\/wp-json\/wp\/v2\/media?parent=74219"}],"wp:term":[{"taxonomy":"category","embeddable":true,"href":"https:\/\/vinasfm.com\/noticias\/wp-json\/wp\/v2\/categories?post=74219"},{"taxonomy":"post_tag","embeddable":true,"href":"https:\/\/vinasfm.com\/noticias\/wp-json\/wp\/v2\/tags?post=74219"}],"curies":[{"name":"wp","href":"https:\/\/api.w.org\/{rel}","templated":true}]}}