{"id":74203,"date":"2020-08-05T07:40:32","date_gmt":"2020-08-05T10:40:32","guid":{"rendered":"http:\/\/vinasfm.com\/noticias\/?p=74203"},"modified":"2020-08-06T08:03:44","modified_gmt":"2020-08-06T11:03:44","slug":"se-pondra-en-marcha-el-operativo-reservorios-de-agua-de-riego-para-verduras-y-hortalizas","status":"publish","type":"post","link":"https:\/\/vinasfm.com\/noticias\/se-pondra-en-marcha-el-operativo-reservorios-de-agua-de-riego-para-verduras-y-hortalizas\/","title":{"rendered":"SE PONDR\u00c1 EN MARCHA EL OPERATIVO &#8216;RESERVORIOS DE AGUA DE RIEGO PARA VERDURAS Y HORTALIZAS&#8217;"},"content":{"rendered":"<h5><strong>En la ma\u00f1ana de este martes, el Intendente Walther Marcolini firm\u00f3 convenio con el Departamento Gral. De Irrigaci\u00f3n para la construcci\u00f3n, adaptaci\u00f3n y funcionamiento del sistema de Reservorios de Agua para riego de verduras y hortalizas.<\/strong><\/h5>\n<p>Estuvieron presentes el Cdor. Adri\u00e1n Carenini, a cargo de DGI Zona Sur, Gustavo Villegas, Consejero de R\u00edo Atuel. Y la Concejal Mabel Uccelli en representaci\u00f3n del HCD. El proyecto fue presentado desde el Bloque UCR y aprobado por el Concejo Deliberante en el mes de Mayo. Convirti\u00e9ndose en la Ordenanza N\u00b0 4606.<\/p>\n<p>\u00ab<strong><em>Es una Ordenanza que viene a brindar una herramienta a todos los productores de nuestro departamento que quieran trabajar en un plan hort\u00edcola y tambi\u00e9n incluye aquellos que ya lo vienen haciendo\u00bb,\u00a0<\/em><\/strong>explic\u00f3 la edil <strong>Mabel Ucelli, <\/strong>autora del proyecto.<\/p>\n<p>En la misma linea subray\u00f3 que \u00ab<strong><em>es una ayuda para la tecnificaci\u00f3n del riego y consideramos que es muy importante, por la crisis h\u00eddrica que estamos atravesando desde hace tantos a\u00f1os<\/em><\/strong>\u00ab.<\/p>\n<h5>\u2022<em>F.B.<\/em><\/h5>\n","protected":false},"excerpt":{"rendered":"<p>En la ma\u00f1ana de este martes, el Intendente Walther Marcolini firm\u00f3 convenio con el Departamento Gral. De Irrigaci\u00f3n para la construcci\u00f3n, &#8230;<\/p>\n","protected":false},"author":8,"featured_media":74204,"comment_status":"open","ping_status":"open","sticky":false,"template":"","format":"standard","meta":{"footnotes":""},"categories":[5,14],"tags":[],"class_list":["post-74203","post","type-post","status-publish","format-standard","has-post-thumbnail","hentry","category-actualidad","category-agro"],"_links":{"self":[{"href":"https:\/\/vinasfm.com\/noticias\/wp-json\/wp\/v2\/posts\/74203","targetHints":{"allow":["GET"]}}],"collection":[{"href":"https:\/\/vinasfm.com\/noticias\/wp-json\/wp\/v2\/posts"}],"about":[{"href":"https:\/\/vinasfm.com\/noticias\/wp-json\/wp\/v2\/types\/post"}],"author":[{"embeddable":true,"href":"https:\/\/vinasfm.com\/noticias\/wp-json\/wp\/v2\/users\/8"}],"replies":[{"embeddable":true,"href":"https:\/\/vinasfm.com\/noticias\/wp-json\/wp\/v2\/comments?post=74203"}],"version-history":[{"count":1,"href":"https:\/\/vinasfm.com\/noticias\/wp-json\/wp\/v2\/posts\/74203\/revisions"}],"predecessor-version":[{"id":74205,"href":"https:\/\/vinasfm.com\/noticias\/wp-json\/wp\/v2\/posts\/74203\/revisions\/74205"}],"wp:featuredmedia":[{"embeddable":true,"href":"https:\/\/vinasfm.com\/noticias\/wp-json\/wp\/v2\/media\/74204"}],"wp:attachment":[{"href":"https:\/\/vinasfm.com\/noticias\/wp-json\/wp\/v2\/media?parent=74203"}],"wp:term":[{"taxonomy":"category","embeddable":true,"href":"https:\/\/vinasfm.com\/noticias\/wp-json\/wp\/v2\/categories?post=74203"},{"taxonomy":"post_tag","embeddable":true,"href":"https:\/\/vinasfm.com\/noticias\/wp-json\/wp\/v2\/tags?post=74203"}],"curies":[{"name":"wp","href":"https:\/\/api.w.org\/{rel}","templated":true}]}}