{"id":74159,"date":"2020-08-04T00:30:04","date_gmt":"2020-08-04T03:30:04","guid":{"rendered":"http:\/\/vinasfm.com\/noticias\/?p=74159"},"modified":"2020-08-05T08:17:26","modified_gmt":"2020-08-05T11:17:26","slug":"sintesis-de-la-primera-jornada-del-juicio-contra-hugo-acuna","status":"publish","type":"post","link":"https:\/\/vinasfm.com\/noticias\/sintesis-de-la-primera-jornada-del-juicio-contra-hugo-acuna\/","title":{"rendered":"S\u00cdNTESIS DE LA PRIMERA JORNADA DEL JUICIO CONTRA HUGO ACU\u00d1A"},"content":{"rendered":"<h4><strong>Por primera vez desde que comenz\u00f3 la pandemia por el coronavirus (Covid-19) se realiza en la provincia un juicio por jurados. Con barbijo y m\u00e1scara protectora, se sent\u00f3 en el banquillo de los acusados el polic\u00eda Hugo V\u00edctor Acu\u00f1a,imputado por el femicidio de su mujer, Mar\u00eda Lorena Segura, ocurrido a mediados de 2018 en General Alvear.<\/strong><\/h4>\n<p>En la primera jornada, desarrollada en el Centro de Congresos y Exposiciones Alfredo Bufano, en San Rafael, se realiz\u00f3 la apertura del proceso en el que la jueza t\u00e9cnica Mar\u00eda Eugenia Laigle dio indicaciones b\u00e1sicas a los doce integrantes del jurado, quienes estuvieron sentados con distanciamiento social y son menores de 60 a\u00f1os, para evitar que participen personas con pertenecientes al grupo de riesgo.<\/p>\n<p><strong>Posteriormente, el fiscal en jefe de General Alvear Pablo Pe\u00f1asco -ex juez de Garant\u00edas-, quien hizo un breve relato de la versi\u00f3n que surgi\u00f3 a partir de la instrucci\u00f3n que estuvo a cargo de Silvia Ag\u00fcero.<\/strong><\/p>\n<p>En el inicio de su discurso tambi\u00e9n anticip\u00f3 que la defensa iba a buscar establecer que Acu\u00f1a mat\u00f3 a su mujer de manera accidental, considerando que debe ser hallado culpable de un homicidio culposo y no por el homicidio agravado por el v\u00ednculo y por el contexto de violencia de g\u00e9nero por el que est\u00e1 imputado y arriesga perpetua.<\/p>\n<p>Pero para comenzar a tirar por la borda esa versi\u00f3n, el representante del Ministerio P\u00fablico asegur\u00f3 que durante el juicio presentar\u00e1n peritajes objetivos que demuestran que Acu\u00f1a tuvo intenci\u00f3n de disparar contra su esposa.<\/p>\n<p>Pe\u00f1asco tambi\u00e9n apunt\u00f3 contra la adicci\u00f3n al juego de Acu\u00f1a y se\u00f1al\u00f3 eso como el motivo de los problemas que tuvo la pareja. Incluso, asegur\u00f3 que la noche previa al crimen hab\u00eda llegado a altas horas de la madrugada tras apostar, lo que provoc\u00f3 al d\u00eda siguiente la discusi\u00f3n con resultado letal.<\/p>\n<p>El fiscal tambi\u00e9n destac\u00f3 que la v\u00edctima era una persona \u00abejemplar\u00bb y cont\u00f3 que adem\u00e1s de cuidar a su hijo, que por ese entonces ten\u00eda 1 a\u00f1o y 11 meses, tambi\u00e9n daba clases y estudiaba profesorado de Lengua y Literatura despu\u00e9s de recibirse en la carrera de Comunicaci\u00f3n Social.<\/p>\n<p>Por su parte, el defensor oficial Jorge Luque contraatac\u00f3 explicando al jurado que Acu\u00f1a no es un delincuente y que era \u00abuna persona honorable\u00bb.<\/p>\n<p>Cont\u00f3 que\u00a0el efectivo y Segura se conocieron desde la adolescencia, fueron compa\u00f1eros de colegio y se casaron muy j\u00f3venes. Y a\u00f1adi\u00f3 que ten\u00edan \u00abdiscusiones que cualquier pareja puede tener\u00bb.<\/p>\n<p>Luego, relat\u00f3 que horas antes del hecho, la madrugada del domingo 15 de abril, el polic\u00eda se hab\u00eda juntado a jugar una partida de Magic, un juego de mesa, con sus amigos y que no hab\u00eda dinero de por medio en ese juego. Agreg\u00f3 que la v\u00edctima se enoj\u00f3 porque lleg\u00f3 tarde a su departamento de calles Paso de Los Andes y Agust\u00edn \u00c1lvarez.<\/p>\n<p>A la ma\u00f1ana siguiente la mujer lo trat\u00f3 con frialdad, seg\u00fan la defensa, y eso habr\u00eda originado una fuerte pelea entre ambos.<\/p>\n<p>La hip\u00f3tesis de la defensa sostiene que fue Segura quien tom\u00f3 el arma reglamentaria que estaba sobre un mueble y Acu\u00f1a debi\u00f3 arrebat\u00e1rsela.<\/p>\n<p>Acto seguido, el efectivo habr\u00eda intentado quitarse la vida y su mujer intent\u00f3 evitarlo, provocando un forcejeo en el que \u00abse le escaparon\u00bb dos tiros.<\/p>\n<p>El segundo proyectil le impact\u00f3 a la v\u00edctima de manera lateralizada a la altura de la clav\u00edcula y le atraves\u00f3 sus dos pulmones, provoc\u00e1ndole una muerte casi instant\u00e1nea.<\/p>\n<p>El representante legal del acusado, destac\u00f3 que Acu\u00f1a auxili\u00f3 a la v\u00edctima y la llev\u00f3 a un hospital.<\/p>\n<p>As\u00ed las cosas, se espera que a partir de ma\u00f1ana se inicie con las declaraciones de testigos. Est\u00e1 estipulado que el jueves finalice el debate y el jurado de su veredicto.<\/p>\n<p><iframe loading=\"lazy\" title=\"ALEGATOS APERTURA JUICIO POR JURADO C\/ ACU\u00d1A HUGO VICTOR\" width=\"1140\" height=\"641\" src=\"https:\/\/www.youtube.com\/embed\/90rd8OdtGmQ?feature=oembed\" frameborder=\"0\" allow=\"accelerometer; autoplay; encrypted-media; gyroscope; picture-in-picture\" allowfullscreen><\/iframe><\/p>\n","protected":false},"excerpt":{"rendered":"<p>Por primera vez desde que comenz\u00f3 la pandemia por el coronavirus (Covid-19) se realiza en la provincia un juicio por jurados. &#8230;<\/p>\n","protected":false},"author":8,"featured_media":74160,"comment_status":"open","ping_status":"open","sticky":false,"template":"","format":"standard","meta":{"footnotes":""},"categories":[5,22],"tags":[],"class_list":["post-74159","post","type-post","status-publish","format-standard","has-post-thumbnail","hentry","category-actualidad","category-justicia"],"_links":{"self":[{"href":"https:\/\/vinasfm.com\/noticias\/wp-json\/wp\/v2\/posts\/74159","targetHints":{"allow":["GET"]}}],"collection":[{"href":"https:\/\/vinasfm.com\/noticias\/wp-json\/wp\/v2\/posts"}],"about":[{"href":"https:\/\/vinasfm.com\/noticias\/wp-json\/wp\/v2\/types\/post"}],"author":[{"embeddable":true,"href":"https:\/\/vinasfm.com\/noticias\/wp-json\/wp\/v2\/users\/8"}],"replies":[{"embeddable":true,"href":"https:\/\/vinasfm.com\/noticias\/wp-json\/wp\/v2\/comments?post=74159"}],"version-history":[{"count":1,"href":"https:\/\/vinasfm.com\/noticias\/wp-json\/wp\/v2\/posts\/74159\/revisions"}],"predecessor-version":[{"id":74173,"href":"https:\/\/vinasfm.com\/noticias\/wp-json\/wp\/v2\/posts\/74159\/revisions\/74173"}],"wp:featuredmedia":[{"embeddable":true,"href":"https:\/\/vinasfm.com\/noticias\/wp-json\/wp\/v2\/media\/74160"}],"wp:attachment":[{"href":"https:\/\/vinasfm.com\/noticias\/wp-json\/wp\/v2\/media?parent=74159"}],"wp:term":[{"taxonomy":"category","embeddable":true,"href":"https:\/\/vinasfm.com\/noticias\/wp-json\/wp\/v2\/categories?post=74159"},{"taxonomy":"post_tag","embeddable":true,"href":"https:\/\/vinasfm.com\/noticias\/wp-json\/wp\/v2\/tags?post=74159"}],"curies":[{"name":"wp","href":"https:\/\/api.w.org\/{rel}","templated":true}]}}