{"id":74060,"date":"2020-08-01T05:51:32","date_gmt":"2020-08-01T08:51:32","guid":{"rendered":"http:\/\/vinasfm.com\/noticias\/?p=74060"},"modified":"2020-08-03T08:15:20","modified_gmt":"2020-08-03T11:15:20","slug":"record-diario-de-116-contagios-y-2-muertes-por-covid-19-en-mendoza","status":"publish","type":"post","link":"https:\/\/vinasfm.com\/noticias\/record-diario-de-116-contagios-y-2-muertes-por-covid-19-en-mendoza\/","title":{"rendered":"R\u00c9CORD DIARIO DE 116 CONTAGIOS Y 2 MUERTES POR COVID-19 EN MENDOZA"},"content":{"rendered":"<h4><strong>Este viernes por la noche el\u00a0Ministerio de Salud\u00a0confirm\u00f3 un nuevo r\u00e9cord de contagios por COVID-19 en Mendoza con\u00a0116\u00a0infectados. Con este n\u00famero, el total de contagiados lleg\u00f3 a\u00a01.331.<\/strong><\/h4>\n<p><strong>El detalle de los nuevos casos:<\/strong><\/p>\n<ul>\n<li>Con nexo por contacto estrecho con positivos de COVID-19: 75 pacientes, entre los cuales hay 34 mujeres y 27 hombres. Todos con nexos familiares.<\/li>\n<li>Personal de salud: 7 pacientes. 6 mujeres y un hombre.<\/li>\n<li>Cl\u00faster Geri\u00e1trico Rivadavia: 16 pacientes. 6 mujeres y 10 hombres.<\/li>\n<li>Con nexo en investigaci\u00f3n: 18 pacientes.<\/li>\n<li>Cl\u00faster RENACER: En el d\u00eda de hoy se realiz\u00f3 un importante operativo con m\u00e1s de 100 determinaciones que saldr\u00e1n en la tarde de ma\u00f1ana. Todas las personas est\u00e1n en buen estado de salud y abordadas por los equipos del ministerio<\/li>\n<\/ul>\n<p>Tambi\u00e9n informaron que\u00a0<strong>recuperaci\u00f3n de 38 pacientes con COVID-19<\/strong>:<\/p>\n<ul>\n<li>Hospital Central: 9 pacientes.<\/li>\n<li>Hospital Paroissien: 3 pacientes.<\/li>\n<li>Hospital Carrillo: 2 pacientes.<\/li>\n<li>Cl\u00ednica Del Sol: 1 pacientes.<\/li>\n<li>Hospital Tagarelli: 1 paciente.<\/li>\n<li>Hospital Universitario: 4 pacientes.<\/li>\n<li>Hospital Privado: 2 pacientes.<\/li>\n<li>Hospital Perrupato: 4 pacientes.<\/li>\n<li>Hospital Santa Isabel de Hungr\u00eda: 5 pacientes.<\/li>\n<li>Hospital Humberto Notti: 2 pacientes.<\/li>\n<li>Cl\u00ednica Santa Mar\u00eda: 2 pacientes.<\/li>\n<li>Hospital Lencinas: 3 pacientes.<\/li>\n<\/ul>\n<p>Por otro lado, la cartera sanitaria confirm\u00f3\u00a0<strong>dos muertos por coronavirus:<\/strong><\/p>\n<ul>\n<li>Mujer de 82 a\u00f1os internada en el Sanatorio Argentino de San Mart\u00edn el 28\/07. El paciente fallece por una insuficiencia cardiovascular. Contaba con comorbilidades como hipertensi\u00f3n arterial e insuficiencia cardiol\u00f3gica.<\/li>\n<li>Mujer de 77 a\u00f1os internada en el Sanatorio Argentino de San Mart\u00edn el 27\/07. El paciente fallece por un fallo multiorg\u00e1nico. Contaba como enfermedad de base un linfoma.<\/li>\n<\/ul>\n<p>De esta manera,\u00a0<strong>Mendoza cuenta con 1.331 casos positivos confirmados.<\/strong>\u00a0Son 54 casos importados \u2013gente que ha llegado de otros pa\u00edses\u2013, 1069 por contacto estrecho con alguien que vino de otro pa\u00eds o dio positivo de COVID-19 y 208 en investigaci\u00f3n epidemiol\u00f3gica.<\/p>\n<p>Tambi\u00e9n, la provincia tiene\u00a0<strong>286 personas recuperadas y 34 fallecimientos por COVID-19<\/strong>.<\/p>\n<p>Es importante recordar que el Ministerio de Salud de Mendoza informa sobre todos los pacientes que ingresan al sistema sanitario p\u00fablico y privado de la provincia. En los casos en que un mendocino da positivo en otras jurisdicciones nacionales \u2013por estar estudiando en otra provincia, por vivir en otro lugar sin registrar el cambio de domicilio o por estar realizando un trabajo temporario\u2013, no ser\u00e1 registrado como caso confirmado en Mendoza.<\/p>\n<h5><em>F.B.<\/em><\/h5>\n","protected":false},"excerpt":{"rendered":"<p>Este viernes por la noche el\u00a0Ministerio de Salud\u00a0confirm\u00f3 un nuevo r\u00e9cord de contagios por COVID-19 en Mendoza con\u00a0116\u00a0infectados. Con este n\u00famero, &#8230;<\/p>\n","protected":false},"author":8,"featured_media":69826,"comment_status":"open","ping_status":"open","sticky":false,"template":"","format":"standard","meta":{"footnotes":""},"categories":[1],"tags":[],"class_list":["post-74060","post","type-post","status-publish","format-standard","has-post-thumbnail","hentry","category-fmvinas"],"_links":{"self":[{"href":"https:\/\/vinasfm.com\/noticias\/wp-json\/wp\/v2\/posts\/74060","targetHints":{"allow":["GET"]}}],"collection":[{"href":"https:\/\/vinasfm.com\/noticias\/wp-json\/wp\/v2\/posts"}],"about":[{"href":"https:\/\/vinasfm.com\/noticias\/wp-json\/wp\/v2\/types\/post"}],"author":[{"embeddable":true,"href":"https:\/\/vinasfm.com\/noticias\/wp-json\/wp\/v2\/users\/8"}],"replies":[{"embeddable":true,"href":"https:\/\/vinasfm.com\/noticias\/wp-json\/wp\/v2\/comments?post=74060"}],"version-history":[{"count":1,"href":"https:\/\/vinasfm.com\/noticias\/wp-json\/wp\/v2\/posts\/74060\/revisions"}],"predecessor-version":[{"id":74062,"href":"https:\/\/vinasfm.com\/noticias\/wp-json\/wp\/v2\/posts\/74060\/revisions\/74062"}],"wp:featuredmedia":[{"embeddable":true,"href":"https:\/\/vinasfm.com\/noticias\/wp-json\/wp\/v2\/media\/69826"}],"wp:attachment":[{"href":"https:\/\/vinasfm.com\/noticias\/wp-json\/wp\/v2\/media?parent=74060"}],"wp:term":[{"taxonomy":"category","embeddable":true,"href":"https:\/\/vinasfm.com\/noticias\/wp-json\/wp\/v2\/categories?post=74060"},{"taxonomy":"post_tag","embeddable":true,"href":"https:\/\/vinasfm.com\/noticias\/wp-json\/wp\/v2\/tags?post=74060"}],"curies":[{"name":"wp","href":"https:\/\/api.w.org\/{rel}","templated":true}]}}