{"id":74057,"date":"2020-08-01T08:03:15","date_gmt":"2020-08-01T11:03:15","guid":{"rendered":"http:\/\/vinasfm.com\/noticias\/?p=74057"},"modified":"2020-08-03T18:58:23","modified_gmt":"2020-08-03T21:58:23","slug":"fondo-compensador-agricola-comenzo-el-pago-a-contratistas","status":"publish","type":"post","link":"https:\/\/vinasfm.com\/noticias\/fondo-compensador-agricola-comenzo-el-pago-a-contratistas\/","title":{"rendered":"FONDO COMPENSADOR AGR\u00cdCOLA: COMENZ\u00d3 EL PAGO A CONTRATISTAS"},"content":{"rendered":"<h4>Son compensaciones por da\u00f1os por contingencias clim\u00e1ticas de la temporada\u00a02019-2020. Los beneficiarios cobrar\u00e1n por ventanilla en sucursales del Banco\u00a0Supervielle.<\/h4>\n<p>El 28 de julio comenzaron a pagarse las indemnizaciones del Fondo\u00a0Compensador Agr\u00edcola para contratistas de vi\u00f1as y frutales. Se trata de\u00a0liquidaciones para quienes adhirieron al fideicomiso en la temporada 2019-2020 y tuvieron da\u00f1os por granizo y\/o heladas superiores al 50%.<\/p>\n<p>Las primeras liquidaciones se realizaron en la fecha se\u00f1alada a trav\u00e9s de\u00a0transferencias bancarias. Esta tanda incluy\u00f3 solo a las personas que hab\u00edan\u00a0informado a tiempo los datos de su cuenta. Los dem\u00e1s adheridos recibir\u00e1n el\u00a0pago por ventanilla en filiales del banco Supervielle.<\/p>\n<p>Las liquidaciones estar\u00e1n depositadas en las sucursales San Mart\u00edn, San\u00a0Rafael, General Alvear, Tunuy\u00e1n y Luj\u00e1n de Cuyo del Banco Supervielle. Para\u00a0recibir el pago, los productores deber\u00e1n concurrir a la sucursal m\u00e1s cercana a su\u00a0domicilio y consultar el mecanismo de cobro por ventanilla.<\/p>\n<p>Para conocer m\u00e1s detalles, los interesados deber\u00e1n contactarse con la Direcci\u00f3n\u00a0de Contingencias Clim\u00e1ticas a trav\u00e9s de correo electr\u00f3nico\u00a0contingenciasmza@gmail.com.<\/p>\n<p>El monto total de dinero distribuido a trav\u00e9s del Fondo Compensador Agr\u00edcola\u00a0entre los contratistas de vi\u00f1as y frutales es de $1.110.625.<\/p>\n<p>El Fondo Compensador no es la \u00fanica herramienta de protecci\u00f3n para la\u00a0producci\u00f3n agr\u00edcola con que cuenta la Provincia. A trav\u00e9s del Seguro Agr\u00edcola, se cubre a los productores de vid, frutales y hortalizas de hasta 20 hect\u00e1reas\u00a0de cultivos en producci\u00f3n. En esta temporada los pagos del seguro superaron\u00a0los $200 millones.<\/p>\n<h5><strong><em>A.C.<\/em><\/strong><\/h5>\n","protected":false},"excerpt":{"rendered":"<p>Son compensaciones por da\u00f1os por contingencias clim\u00e1ticas de la temporada\u00a02019-2020. Los beneficiarios cobrar\u00e1n por ventanilla en sucursales del Banco\u00a0Supervielle. El 28 &#8230;<\/p>\n","protected":false},"author":7,"featured_media":18206,"comment_status":"open","ping_status":"open","sticky":false,"template":"","format":"standard","meta":{"footnotes":""},"categories":[5,14],"tags":[],"class_list":["post-74057","post","type-post","status-publish","format-standard","has-post-thumbnail","hentry","category-actualidad","category-agro"],"_links":{"self":[{"href":"https:\/\/vinasfm.com\/noticias\/wp-json\/wp\/v2\/posts\/74057","targetHints":{"allow":["GET"]}}],"collection":[{"href":"https:\/\/vinasfm.com\/noticias\/wp-json\/wp\/v2\/posts"}],"about":[{"href":"https:\/\/vinasfm.com\/noticias\/wp-json\/wp\/v2\/types\/post"}],"author":[{"embeddable":true,"href":"https:\/\/vinasfm.com\/noticias\/wp-json\/wp\/v2\/users\/7"}],"replies":[{"embeddable":true,"href":"https:\/\/vinasfm.com\/noticias\/wp-json\/wp\/v2\/comments?post=74057"}],"version-history":[{"count":1,"href":"https:\/\/vinasfm.com\/noticias\/wp-json\/wp\/v2\/posts\/74057\/revisions"}],"predecessor-version":[{"id":74058,"href":"https:\/\/vinasfm.com\/noticias\/wp-json\/wp\/v2\/posts\/74057\/revisions\/74058"}],"wp:featuredmedia":[{"embeddable":true,"href":"https:\/\/vinasfm.com\/noticias\/wp-json\/wp\/v2\/media\/18206"}],"wp:attachment":[{"href":"https:\/\/vinasfm.com\/noticias\/wp-json\/wp\/v2\/media?parent=74057"}],"wp:term":[{"taxonomy":"category","embeddable":true,"href":"https:\/\/vinasfm.com\/noticias\/wp-json\/wp\/v2\/categories?post=74057"},{"taxonomy":"post_tag","embeddable":true,"href":"https:\/\/vinasfm.com\/noticias\/wp-json\/wp\/v2\/tags?post=74057"}],"curies":[{"name":"wp","href":"https:\/\/api.w.org\/{rel}","templated":true}]}}