{"id":74049,"date":"2020-08-01T08:19:17","date_gmt":"2020-08-01T11:19:17","guid":{"rendered":"http:\/\/vinasfm.com\/noticias\/?p=74049"},"modified":"2020-08-03T18:58:34","modified_gmt":"2020-08-03T21:58:34","slug":"cerca-de-500-jovenes-alvearenses-se-inscribieron-para-formar-parte-del-ejercito-argentino","status":"publish","type":"post","link":"https:\/\/vinasfm.com\/noticias\/cerca-de-500-jovenes-alvearenses-se-inscribieron-para-formar-parte-del-ejercito-argentino\/","title":{"rendered":"CERCA DE 500 J\u00d3VENES ALVEARENSES SE INSCRIBIERON PARA FORMAR PARTE DEL EJ\u00c9RCITO ARGENTINO"},"content":{"rendered":"<h4><strong>Las preinscripciones para ser parte del Ej\u00e9rcito Argentino comenzaron el pasado martes y se extendieron durante esta semana, se realizaron en la Oficina Municipal de Empleo respetando las medidas sanitarias.\u00a0<\/strong><\/h4>\n<div>El <strong>Sub Oficial Principal Domingo Ovejero<\/strong> manifest\u00f3 \u201c<strong><em>es una experiencia muy buena, 500 postulantes se pre-inscribieron estos d\u00edas. Luego nos llevamos las carpetas y vemos los estudios, las edades y ah\u00ed se ve quien va quedando<\/em><\/strong>\u201d.<\/div>\n<div><\/div>\n<div>\u201c<strong><em>Al ingreso tienen un periodo de adaptaci\u00f3n de dos meses aproximadamente, para nosotros esto es una vocaci\u00f3n de servicio, esperamos que para estos chicos sea lo mismo y no una falta de trabajo<\/em><\/strong>\u201d, subray\u00f3.<\/div>\n<div><\/div>\n<div><strong>El soldado voluntario puede estar dentro de la fuerza hasta los 28 a\u00f1os<\/strong>: \u00ab<strong><em>si no hizo nada hasta esa edad se tiene que ir, hasta esa edad pueden hacer carrera, es decir pueden ir a la escuela de oficiales, pueden estudiar, depende de la persona. No nos sorprende para nada que se anoten mujeres, desde el a\u00f1o 94 que se incorporan muchas mujeres, es muy satisfactorio<\/em><\/strong>\u201d, finaliz\u00f3 Ovejero.<\/div>\n<div><\/div>\n<div>Los requisitos a cumplir fueron,<strong> tener entre 18 a 24 a\u00f1os, mujeres o varones, con secundario completo o que est\u00e9n terminando sus estudios de nivel medio, ser Argentino, tener buen estado f\u00edsico, ser soltero<\/strong> (aunque s\u00ed se pueden tener hijos). Luego <strong>deber\u00e1n pasar una serie de ex\u00e1menes m\u00e9dicos y psicol\u00f3gicos<\/strong>. Cabe destacar que <strong>ya no es excluyente contar con tatuajes, solo se pide que no est\u00e9n en zonas visibles del cuerpo<\/strong>.<\/div>\n<div><\/div>\n<div><strong>El Sur provincial cuenta con 250 cupos disponibles para aspirantes a la fuerza<\/strong> y est\u00e1 previsto que a mediados de setiembre, los seleccionados se encuentren dentro del cuartel, formando parte del <strong>Ej\u00e9rcito Argentino<\/strong>.<\/div>\n<h5><em>F.B.<\/em><\/h5>\n","protected":false},"excerpt":{"rendered":"<p>Las preinscripciones para ser parte del Ej\u00e9rcito Argentino comenzaron el pasado martes y se extendieron durante esta semana, se realizaron en &#8230;<\/p>\n","protected":false},"author":8,"featured_media":73832,"comment_status":"open","ping_status":"open","sticky":false,"template":"","format":"standard","meta":{"footnotes":""},"categories":[5,10],"tags":[],"class_list":["post-74049","post","type-post","status-publish","format-standard","has-post-thumbnail","hentry","category-actualidad","category-destacadas"],"_links":{"self":[{"href":"https:\/\/vinasfm.com\/noticias\/wp-json\/wp\/v2\/posts\/74049","targetHints":{"allow":["GET"]}}],"collection":[{"href":"https:\/\/vinasfm.com\/noticias\/wp-json\/wp\/v2\/posts"}],"about":[{"href":"https:\/\/vinasfm.com\/noticias\/wp-json\/wp\/v2\/types\/post"}],"author":[{"embeddable":true,"href":"https:\/\/vinasfm.com\/noticias\/wp-json\/wp\/v2\/users\/8"}],"replies":[{"embeddable":true,"href":"https:\/\/vinasfm.com\/noticias\/wp-json\/wp\/v2\/comments?post=74049"}],"version-history":[{"count":1,"href":"https:\/\/vinasfm.com\/noticias\/wp-json\/wp\/v2\/posts\/74049\/revisions"}],"predecessor-version":[{"id":74050,"href":"https:\/\/vinasfm.com\/noticias\/wp-json\/wp\/v2\/posts\/74049\/revisions\/74050"}],"wp:featuredmedia":[{"embeddable":true,"href":"https:\/\/vinasfm.com\/noticias\/wp-json\/wp\/v2\/media\/73832"}],"wp:attachment":[{"href":"https:\/\/vinasfm.com\/noticias\/wp-json\/wp\/v2\/media?parent=74049"}],"wp:term":[{"taxonomy":"category","embeddable":true,"href":"https:\/\/vinasfm.com\/noticias\/wp-json\/wp\/v2\/categories?post=74049"},{"taxonomy":"post_tag","embeddable":true,"href":"https:\/\/vinasfm.com\/noticias\/wp-json\/wp\/v2\/tags?post=74049"}],"curies":[{"name":"wp","href":"https:\/\/api.w.org\/{rel}","templated":true}]}}