{"id":74036,"date":"2020-07-31T12:24:24","date_gmt":"2020-07-31T15:24:24","guid":{"rendered":"http:\/\/vinasfm.com\/noticias\/?p=74036"},"modified":"2020-08-01T14:05:45","modified_gmt":"2020-08-01T17:05:45","slug":"radiografia-de-los-juicios-por-jurados-que-son-en-que-delitos-aplican-y-como-se-elige-a-los-miembros","status":"publish","type":"post","link":"https:\/\/vinasfm.com\/noticias\/radiografia-de-los-juicios-por-jurados-que-son-en-que-delitos-aplican-y-como-se-elige-a-los-miembros\/","title":{"rendered":"RADIOGRAF\u00cdA DE LOS JUICIOS POR JURADOS: QU\u00c9 SON, EN QU\u00c9 DELITOS APLICAN Y C\u00d3MO SE ELIGE A LOS MIEMBROS"},"content":{"rendered":"<h4><strong>Est\u00e1n contemplados en la Constituci\u00f3n nacional desde 1853, pero s\u00f3lo se aplican en seis provincias argentinas. En octubre de 2018 se sancion\u00f3 en la Provincia de Mendoza la Ley 9.106 que establece la participaci\u00f3n ciudadana en la administraci\u00f3n de justicia a trav\u00e9s de la implementaci\u00f3n de Jurados Populares para juzgar los delitos de homicidio agravado previstos en el art. 80 del C\u00f3digo Penal de la Naci\u00f3n.<\/strong><\/h4>\n<p>En el sur mendocino los juicios por jurados vuelven con el caso de <a href=\"http:\/\/vinasfm.com\/noticias\/el-3-de-agosto-comienza-el-juicio-contra-victor-acuna-el-policia-acusado-de-matar-a-su-esposa\/\">femicidio ocurrido en Alvear<\/a>, en el que el polic\u00eda Acu\u00f1a asesin\u00f3 a su esposa Lorena Segura. Con el objetivo de saldar dudas respecto a la implementaci\u00f3n y modos de aplicar esta forma de juzgar, <strong>F.M. Vi\u00f1as<\/strong> dialog\u00f3 con al <strong>Dr. Gustavo Vendram\u00edn<\/strong>.<\/p>\n<div id=\"attachment_10733\" style=\"width: 413px\" class=\"wp-caption alignleft\"><a href=\"http:\/\/vinasfm.com\/noticias\/wp-content\/uploads\/2016\/05\/concejale-gustavo-vendramin.jpg\"><img loading=\"lazy\" decoding=\"async\" aria-describedby=\"caption-attachment-10733\" class=\" wp-image-10733\" src=\"http:\/\/vinasfm.com\/noticias\/wp-content\/uploads\/2016\/05\/concejale-gustavo-vendramin-300x284.jpg\" alt=\"\" width=\"413\" height=\"391\" srcset=\"https:\/\/vinasfm.com\/noticias\/wp-content\/uploads\/2016\/05\/concejale-gustavo-vendramin-300x284.jpg 300w, https:\/\/vinasfm.com\/noticias\/wp-content\/uploads\/2016\/05\/concejale-gustavo-vendramin-768x727.jpg 768w, https:\/\/vinasfm.com\/noticias\/wp-content\/uploads\/2016\/05\/concejale-gustavo-vendramin-1024x969.jpg 1024w\" sizes=\"auto, (max-width: 413px) 100vw, 413px\" \/><\/a><p id=\"caption-attachment-10733\" class=\"wp-caption-text\">Dr. Gustavo Vendram\u00edn, ex concejal alvearense.<\/p><\/div>\n<p>All\u00ed, los 12 ciudadanos seleccionados oportunamente<strong>\u00a0deber\u00e1n decidir si el polic\u00eda alvearense V\u00edctor Hugo Acu\u00f1a es culpable o no de matar a su esposa<\/strong>,\u00a0<strong><em>Lorena Segura<\/em><\/strong>. Acu\u00f1a llega a esta instancia con la imputaci\u00f3n del delito de \u201c<strong><em>homicidio doblemente agravado por uso de arma de fuego y por el v\u00ednculo<\/em><\/strong>\u201d y arriesga una pena de cadena perpetua.<\/p>\n<p><strong>Ser\u00e1 el cuarto juicio por jurados populares en la Segunda Circunscripci\u00f3n Judicial (el sur de la provincia) y tendr\u00e1 lugar entre el 3 y el 6 de agosto pr\u00f3ximos, en el Centro de Congresos y Exposiciones en San Rafael.<\/strong><\/p>\n<h4><strong>\u00bfQU\u00c9 ES UN JUICIO POR JURADOS?<\/strong><\/h4>\n<p><strong><em>\u201cEs una de las grandes reformas que ha tenido la normativa procesal mendocina siendo una copia de lo que sucede en otras partes del mundo. Se ha intentado asimilar al sistema norteamericano con algunas cuestiones parecidas y otras iguales, no es como en las pel\u00edculas\u201d, <\/em><\/strong>explic\u00f3 el letrado.<\/p>\n<h4><strong>\u00bfPARA QU\u00c9 DELITOS SE APLICA?<\/strong><\/h4>\n<p>Sobre la <strong>aplicaci\u00f3n<\/strong>, manifest\u00f3 que es \u201c<strong><em>para los delitos de mayor dureza contemplados en nuestro C\u00f3digo Penal y, en nuestra provincia, en Mendoza como inicio se aplica para los delitos homicidios dolosos que tengan penas privativas de reclusi\u00f3n o prisi\u00f3n perpetua, que son los homicidios agravados<\/em><\/strong>\u201d.<\/p>\n<h4><strong>\u00bfC\u00d3MO ES LA ELECCI\u00d3N DE LOS MIEMBROS?<\/strong><\/h4>\n<p>Al ser consultado por la <strong>elecci\u00f3n de los miembros del Jurado \u201cPopular\u201d<\/strong>, subray\u00f3 que \u201c<strong><em>bajo un software elije de forma aleatoria a los ciudadanos que est\u00e1n inscriptos en una lista que se completa con el sistema electoral siempre cumpliendo los requisitos de edad\u201d.<\/em><\/strong><\/p>\n<p>Destac\u00f3 que al ser notificados sobre la participaci\u00f3n en el juicio, \u201c<strong><em>significa una carga p\u00fablica en la que es obligatorio asistir salvo que haya una excepci\u00f3n extraordinaria como estar internado o tener que hacer un viaje por cuestiones absolutamente justificadas. Por eso se suelen elegir suplentes<\/em><\/strong>\u201d.<\/p>\n<p>Respecto al conocimiento que deben tener los miembros sobre el Derecho, Vendram\u00edn manifest\u00f3 que no es necesario \u201c<strong><em>aunque puede tocarle a alguien que tiene conocimiento jur\u00eddico. \u00a0El sistema aleatorio puede enviar a jurados de diferentes lugares de la provincia. Se est\u00e1 intentando modificar que sea por circunscripciones pero se debe tener en cuenta que lo m\u00e1s factible es que no tenga contacto con la v\u00edctima, imputado y\/o familiares<\/em><\/strong>\u201d.<\/p>\n<h4><strong>PARTICULARIDADES DEL MODELO ARGENTINO<\/strong><\/h4>\n<p>El grupo de ciudadanos del lugar debe definir si existi\u00f3 el hecho que se investiga y si el acusado es culpable o no: \u201c<strong><em>Aqu\u00ed determinan la culpabilidad o absoluci\u00f3n de la persona sobre el delito que se le imputa. Si el sindicado es culpable, el juez grad\u00faa o determina cu\u00e1l es la pena que se va a aplicar<\/em><\/strong>\u201d, y asegur\u00f3 que la sentencia \u201c<strong><em>es totalmente apelable en funci\u00f3n al sistema mendocino normal con los recursos extraordinario de casaci\u00f3n, etc\u00e9tera<\/em><\/strong>\u201d.<\/p>\n<h5><strong>IMPORTANTE:<\/strong> \u201c<strong><em>Para que se aplique la culpa o inocencia del imputado tiene que haber total consentimiento de todos los miembros del jurado. Si hay uno que entiende que es inocente en contrapartida con el resto que determina que es culpable, empieza a funcionar un inconveniente en el proceso del juicio que el juez deber\u00e1 cejar<\/em><\/strong>\u201d.<\/h5>\n<h5><em>\u2022Fernando Burett (F.M. Vi\u00f1as).<\/em><\/h5>\n","protected":false},"excerpt":{"rendered":"<p>Est\u00e1n contemplados en la Constituci\u00f3n nacional desde 1853, pero s\u00f3lo se aplican en seis provincias argentinas. En octubre de 2018 se &#8230;<\/p>\n","protected":false},"author":8,"featured_media":74037,"comment_status":"open","ping_status":"open","sticky":false,"template":"","format":"standard","meta":{"footnotes":""},"categories":[5,22],"tags":[],"class_list":["post-74036","post","type-post","status-publish","format-standard","has-post-thumbnail","hentry","category-actualidad","category-justicia"],"_links":{"self":[{"href":"https:\/\/vinasfm.com\/noticias\/wp-json\/wp\/v2\/posts\/74036","targetHints":{"allow":["GET"]}}],"collection":[{"href":"https:\/\/vinasfm.com\/noticias\/wp-json\/wp\/v2\/posts"}],"about":[{"href":"https:\/\/vinasfm.com\/noticias\/wp-json\/wp\/v2\/types\/post"}],"author":[{"embeddable":true,"href":"https:\/\/vinasfm.com\/noticias\/wp-json\/wp\/v2\/users\/8"}],"replies":[{"embeddable":true,"href":"https:\/\/vinasfm.com\/noticias\/wp-json\/wp\/v2\/comments?post=74036"}],"version-history":[{"count":2,"href":"https:\/\/vinasfm.com\/noticias\/wp-json\/wp\/v2\/posts\/74036\/revisions"}],"predecessor-version":[{"id":74043,"href":"https:\/\/vinasfm.com\/noticias\/wp-json\/wp\/v2\/posts\/74036\/revisions\/74043"}],"wp:featuredmedia":[{"embeddable":true,"href":"https:\/\/vinasfm.com\/noticias\/wp-json\/wp\/v2\/media\/74037"}],"wp:attachment":[{"href":"https:\/\/vinasfm.com\/noticias\/wp-json\/wp\/v2\/media?parent=74036"}],"wp:term":[{"taxonomy":"category","embeddable":true,"href":"https:\/\/vinasfm.com\/noticias\/wp-json\/wp\/v2\/categories?post=74036"},{"taxonomy":"post_tag","embeddable":true,"href":"https:\/\/vinasfm.com\/noticias\/wp-json\/wp\/v2\/tags?post=74036"}],"curies":[{"name":"wp","href":"https:\/\/api.w.org\/{rel}","templated":true}]}}