{"id":73985,"date":"2020-07-31T07:40:47","date_gmt":"2020-07-31T10:40:47","guid":{"rendered":"http:\/\/vinasfm.com\/noticias\/?p=73985"},"modified":"2020-08-01T14:06:15","modified_gmt":"2020-08-01T17:06:15","slug":"mas-estudiantes-pueden-acceder-a-los-puntos-de-wifi-gratuito","status":"publish","type":"post","link":"https:\/\/vinasfm.com\/noticias\/mas-estudiantes-pueden-acceder-a-los-puntos-de-wifi-gratuito\/","title":{"rendered":"M\u00c1S ESTUDIANTES PUEDEN ACCEDER A LOS PUNTOS DE WIFI GRATUITO"},"content":{"rendered":"<h4><strong>Desde la Direcci\u00f3n de Educaci\u00f3n de la Municipalidad informaron sobre la ampliaci\u00f3n de Puntos WiFi gratuitos para alumnos del Departamento en barrios y Distritos y sobre el Programa PODEs; dos propuestas de la DGE que se desarrollan en conjunto con la Municipalidad de General Alvear a fin de disminuir el ausentismo escolar y ayudar a los alumnos a cumplir con las tareas curriculares.<\/strong><\/h4>\n<div><\/div>\n<div>\u201c<strong><em>Vamos a llegar tambi\u00e9n con los puntos Wifi al B\u00ba Zangrandi, como tambi\u00e9n estamos trabajando para poner un apoyo escolar, pero quierodejar que ese anuncio lo de nuestro Intendente porque nos falta ultimar detalles<\/em><\/strong>\u201d, dijo <strong>Roxana Molero<\/strong>, <strong>Directora de Educaci\u00f3n<\/strong>.<\/div>\n<div><\/div>\n<div><\/div>\n<div>En la misma l\u00ednea subray\u00f3: \u201c<strong><em>Por otro lado tambi\u00e9n llegaremos con los puntos Wifi al B\u00ba Los Ranqueles estaremos en el SUM, para que la sociedad de ese lugar lo aproveche al m\u00e1ximo, quiero destacar que en esto trabajamos todos juntos, la municipalidad, cecsagal y la comunidad, esto significa que no podemos liberar puntos Wifi en lugares como la plaza<\/em><\/strong>\u201d.<\/div>\n<div><\/div>\n<div><\/div>\n<div><strong>Ivana<\/strong>, una de las beneficiadas de <strong>San Pedro del Atuel<\/strong>, dijo \u201c<strong><em>estoy muy contenta porque ahora podemos venir al Jard\u00edn, es mucho m\u00e1s f\u00e1cil y gastamos menos, antes ten\u00edamos que imprimir todas las tareas, ahora nos vamos a poner al d\u00eda<\/em><\/strong>\u201d.<\/div>\n<div><\/div>\n<div><\/div>\n<div><strong>Jorge P\u00e9rez<\/strong>, <strong>Delegado de San Pedro del Atuel, <\/strong>sostuvo que \u201c<strong><em>era una gran necesidad que ten\u00edamos en el Distrito y es una muy buena decisi\u00f3n que han tomado desde la Direcci\u00f3n de Educaci\u00f3n, es una gran soluci\u00f3n para la gente de nuestro Distrito. Para aquellos que no pueden bajarlo o acceder a la tecnolog\u00eda nosotros se lo imprimimos, es un reclamo que ven\u00edan haciendo nuestros vecinos<\/em><\/strong>\u201d.<\/div>\n<div><\/div>\n<div><\/div>\n<div>Por su parte, <strong>Ivana Castro<\/strong>, <strong>Directora del Jard\u00edn Luna de Papel<\/strong>, manifest\u00f3: \u201c<strong><em>Los puntos Wifi es una gran ayuda en nuestro Distrito, ten\u00edamos muchos problema en ese sentido, as\u00ed que las familias se pueden acercar al jard\u00edn de lunes a jueves de 10 a 12h y nosotras les vamos a bajar las tareas o se las vamos a imprimir ya que hay muchos ni\u00f1os que est\u00e1n atrasados con las tareas<\/em><\/strong>\u201d.<\/div>\n<div><\/div>\n<div><\/div>\n<div>\u00ab<strong><em>Por otro lado quiero comunicarles<\/em><\/strong> &#8211; expres\u00f3 Molero- <strong><em>que vamos dar continuidad al Programa PODEs, (Protecci\u00f3n y Orientaci\u00f3n del Derecho a la Escolaridad) que tiene como objetivo disminuir el ausentismo escolar, en este caso vamos a trabajar sobre los alumnos de la secundaria, para esto trabajaremos con dos profesionales<\/em><\/strong>\u201d.<\/div>\n<div><\/div>\n<div><\/div>\n<div>El <strong>objetivo principal<\/strong> es <strong>evitar que los alumnos abandonen sus estudios y comprende a todos los establecimientos p\u00fablicos, primarios y secundarios de la provincia<\/strong>. El programa <strong>contempla la elaboraci\u00f3n de un protocolo de actuaci\u00f3n fundamentado en la tem\u00e1tica a abordar, el ausentismo escolar, y su multi-dimensionalidad causal en la educaci\u00f3n media y primaria<\/strong>.<\/div>\n<div><\/div>\n<div><\/div>\n<div>\u201c<strong><em>En este caso vamos a trabajar sobre el nivel medio que es donde estamos observando mayor problem\u00e1tica. Este Programa lo vamos a trabajar desde el gabinete con los chicos que tienen problema con el ausentismo, es un apoyo para las familias, no queremos que se sientan mal sino que se sientan apoyados<\/em><\/strong>\u201d, expres\u00f3 <strong>Gabriela Lima Lic. en Psicolog\u00eda<\/strong>.<\/div>\n<div><\/div>\n<div><\/div>\n<div><strong>La Lic. Suyai Aly<\/strong> se hizo eco de este importante servicio y expres\u00f3 <strong><em>\u00abque van acompa\u00f1ar, contener a las familias y a los docentes que se han encontrado con esta pandemia y muchos no han sabido como sobrellevarla. La idea es poder trabajar en conjunto<\/em><\/strong>\u201d.<\/div>\n<div><\/div>\n<div><\/div>\n<div>\u201c<strong><em>Vamos a trabajar con las familias, con los profesores, directivos y con todos los actores que pertenecen al sistema educativo, debemos recordar que la escolarizaci\u00f3n es una ley, es un derecho que tienen los chicos<\/em><\/strong>\u201d, culmin\u00f3.<\/div>\n<h5><em>F.B.<\/em><\/h5>\n","protected":false},"excerpt":{"rendered":"<p>Desde la Direcci\u00f3n de Educaci\u00f3n de la Municipalidad informaron sobre la ampliaci\u00f3n de Puntos WiFi gratuitos para alumnos del Departamento en &#8230;<\/p>\n","protected":false},"author":8,"featured_media":73986,"comment_status":"open","ping_status":"open","sticky":false,"template":"","format":"standard","meta":{"footnotes":""},"categories":[5,18],"tags":[],"class_list":["post-73985","post","type-post","status-publish","format-standard","has-post-thumbnail","hentry","category-actualidad","category-educacion"],"_links":{"self":[{"href":"https:\/\/vinasfm.com\/noticias\/wp-json\/wp\/v2\/posts\/73985","targetHints":{"allow":["GET"]}}],"collection":[{"href":"https:\/\/vinasfm.com\/noticias\/wp-json\/wp\/v2\/posts"}],"about":[{"href":"https:\/\/vinasfm.com\/noticias\/wp-json\/wp\/v2\/types\/post"}],"author":[{"embeddable":true,"href":"https:\/\/vinasfm.com\/noticias\/wp-json\/wp\/v2\/users\/8"}],"replies":[{"embeddable":true,"href":"https:\/\/vinasfm.com\/noticias\/wp-json\/wp\/v2\/comments?post=73985"}],"version-history":[{"count":2,"href":"https:\/\/vinasfm.com\/noticias\/wp-json\/wp\/v2\/posts\/73985\/revisions"}],"predecessor-version":[{"id":73989,"href":"https:\/\/vinasfm.com\/noticias\/wp-json\/wp\/v2\/posts\/73985\/revisions\/73989"}],"wp:featuredmedia":[{"embeddable":true,"href":"https:\/\/vinasfm.com\/noticias\/wp-json\/wp\/v2\/media\/73986"}],"wp:attachment":[{"href":"https:\/\/vinasfm.com\/noticias\/wp-json\/wp\/v2\/media?parent=73985"}],"wp:term":[{"taxonomy":"category","embeddable":true,"href":"https:\/\/vinasfm.com\/noticias\/wp-json\/wp\/v2\/categories?post=73985"},{"taxonomy":"post_tag","embeddable":true,"href":"https:\/\/vinasfm.com\/noticias\/wp-json\/wp\/v2\/tags?post=73985"}],"curies":[{"name":"wp","href":"https:\/\/api.w.org\/{rel}","templated":true}]}}