{"id":73969,"date":"2020-07-31T07:30:36","date_gmt":"2020-07-31T10:30:36","guid":{"rendered":"http:\/\/vinasfm.com\/noticias\/?p=73969"},"modified":"2020-08-01T08:19:19","modified_gmt":"2020-08-01T11:19:19","slug":"coronavirus-record-de-111-contagios-en-mendoza-durante-las-ultimas-24-horas","status":"publish","type":"post","link":"https:\/\/vinasfm.com\/noticias\/coronavirus-record-de-111-contagios-en-mendoza-durante-las-ultimas-24-horas\/","title":{"rendered":"CORONAVIRUS: R\u00c9CORD DE 111 CONTAGIOS EN MENDOZA DURANTE LAS \u00daLTIMAS 24 HORAS"},"content":{"rendered":"<h4><strong>El ministerio de Salud report\u00f3 111 casos este jueves. Con este n\u00famero, el total de los\u00a0contagios asciende a 1.215, desde el inicio de la pandemia.<\/strong><\/h4>\n<p>Con la llegada de los reportes que proporcionan los hospitales de la provincia, el Ministerio de Salud, Desarrollo Social y Deportes informa la\u00a0<strong>recuperaci\u00f3n de 40 pacientes con COVID-19<\/strong>:<\/p>\n<ul>\n<li>Hospital Central: 5 pacientes.<\/li>\n<li>Hospital Paroissien: 2 pacientes.<\/li>\n<li>Hospital Espa\u00f1ol: 6 pacientes.<\/li>\n<li>Hospital Lagomaggiore: 7 pacientes.<\/li>\n<li>Cl\u00ednica de Cuyo: 5 pacientes.<\/li>\n<li>Hospital Carrillo: 4 pacientes.<\/li>\n<li>Cl\u00ednica Santa Clara: 2 pacientes.<\/li>\n<li>Hospital Santa Isabel de Hungr\u00eda: 1 pacientes.<\/li>\n<li>Hospital Italiano: 2 pacientes.<\/li>\n<li>Hospital El Carmen: 6 pacientes.<\/li>\n<\/ul>\n<p>Asimismo, la Red de Laboratorios del Ministerio de Salud, Desarrollo Social y Deportes de la Provincia inform\u00f3 que entre las \u00faltimas horas de ayer y la jornada de hoy se procesaron 412 determinaciones:<\/p>\n<ul>\n<li><strong>301 fueron negativas.<\/strong><\/li>\n<li><strong>Se registraron 111 nuevos casos positivos:<\/strong><\/li>\n<\/ul>\n<ol>\n<li>Con nexo por contacto estrecho con positivos de COVID-19: 61 pacientes, entre los cuales hay 34 mujeres y 27 hombres. Todos con nexos familiares y contactos estrechos.<\/li>\n<li>Personal de salud: 5 pacientes, 4 mujeres y un hombre.<\/li>\n<li>Operativo Geri\u00e1trico: 3 mujeres. Son residentes.<\/li>\n<li>Cl\u00faster RENACER: 21 pacientes, 12 mujeres y 9 hombres.<\/li>\n<li>Operativo Feria el Este: 4 pacientes, 2 hombres y 2 mujeres.<\/li>\n<li>Operativo Barrios: 6 pacientes, 5 mujeres y un hombre.<\/li>\n<li>Con nexo en investigaci\u00f3n: 11 pacientes.<\/li>\n<\/ol>\n<p><strong>Mendoza cuenta con 1.215 casos positivos confirmados.<\/strong>\u00a0Son 54 casos importados \u2013gente que ha llegado de otros pa\u00edses\u2013, 971 por contacto estrecho con alguien que vino de otro pa\u00eds o dio positivo de COVID-19 y 190 en investigaci\u00f3n epidemiol\u00f3gica.<\/p>\n<p>Tambi\u00e9n, la provincia tiene\u00a0<strong>248 personas recuperadas y 32 fallecimientos por COVID-19<\/strong>.<\/p>\n<p>Es importante recordar que el Ministerio de Salud de Mendoza informa sobre todos los pacientes que ingresan al sistema sanitario p\u00fablico y privado de la provincia. En los casos en que un mendocino da positivo en otras jurisdicciones nacionales \u2013por estar estudiando en otra provincia, por vivir en otro lugar sin registrar el cambio de domicilio o por estar realizando un trabajo temporario\u2013, no ser\u00e1 registrado como caso confirmado en Mendoza.<\/p>\n<p>\u2022F.B.<\/p>\n","protected":false},"excerpt":{"rendered":"<p>El ministerio de Salud report\u00f3 111 casos este jueves. Con este n\u00famero, el total de los\u00a0contagios asciende a 1.215, desde el &#8230;<\/p>\n","protected":false},"author":8,"featured_media":69823,"comment_status":"open","ping_status":"open","sticky":false,"template":"","format":"standard","meta":{"footnotes":""},"categories":[1],"tags":[],"class_list":["post-73969","post","type-post","status-publish","format-standard","has-post-thumbnail","hentry","category-fmvinas"],"_links":{"self":[{"href":"https:\/\/vinasfm.com\/noticias\/wp-json\/wp\/v2\/posts\/73969","targetHints":{"allow":["GET"]}}],"collection":[{"href":"https:\/\/vinasfm.com\/noticias\/wp-json\/wp\/v2\/posts"}],"about":[{"href":"https:\/\/vinasfm.com\/noticias\/wp-json\/wp\/v2\/types\/post"}],"author":[{"embeddable":true,"href":"https:\/\/vinasfm.com\/noticias\/wp-json\/wp\/v2\/users\/8"}],"replies":[{"embeddable":true,"href":"https:\/\/vinasfm.com\/noticias\/wp-json\/wp\/v2\/comments?post=73969"}],"version-history":[{"count":2,"href":"https:\/\/vinasfm.com\/noticias\/wp-json\/wp\/v2\/posts\/73969\/revisions"}],"predecessor-version":[{"id":73974,"href":"https:\/\/vinasfm.com\/noticias\/wp-json\/wp\/v2\/posts\/73969\/revisions\/73974"}],"wp:featuredmedia":[{"embeddable":true,"href":"https:\/\/vinasfm.com\/noticias\/wp-json\/wp\/v2\/media\/69823"}],"wp:attachment":[{"href":"https:\/\/vinasfm.com\/noticias\/wp-json\/wp\/v2\/media?parent=73969"}],"wp:term":[{"taxonomy":"category","embeddable":true,"href":"https:\/\/vinasfm.com\/noticias\/wp-json\/wp\/v2\/categories?post=73969"},{"taxonomy":"post_tag","embeddable":true,"href":"https:\/\/vinasfm.com\/noticias\/wp-json\/wp\/v2\/tags?post=73969"}],"curies":[{"name":"wp","href":"https:\/\/api.w.org\/{rel}","templated":true}]}}