{"id":73940,"date":"2020-07-30T09:18:22","date_gmt":"2020-07-30T12:18:22","guid":{"rendered":"http:\/\/vinasfm.com\/noticias\/?p=73940"},"modified":"2020-07-31T08:10:45","modified_gmt":"2020-07-31T11:10:45","slug":"hoy-es-el-sorteo-del-jurado-popular-que-participara-del-juicio-contra-victor-acuna","status":"publish","type":"post","link":"https:\/\/vinasfm.com\/noticias\/hoy-es-el-sorteo-del-jurado-popular-que-participara-del-juicio-contra-victor-acuna\/","title":{"rendered":"SORTEO DEL JURADO POPULAR QUE PARTICIPAR\u00c1 DEL JUICIO CONTRA V\u00cdCTOR ACU\u00d1A"},"content":{"rendered":"<h4><strong>Este jueves se realizar\u00e1 el sorteo de los miembros que integrar\u00e1n dicho jurado. La selecci\u00f3n tendr\u00e1 una particularidad, ya que, a ra\u00edz de la pandemia de Covid-19, no ser\u00e1n incluidos en el padr\u00f3n los mayores de 60 a\u00f1os, grupo considerado de riesgo. Vale recordar que la normativa indica que podr\u00e1n integrarlo ciudadanos comunes entre 18 y 75 a\u00f1os de edad.<\/strong><\/h4>\n<p><strong>Ser\u00e1 el cuarto juicio por jurados populares en la Segunda Circunscripci\u00f3n Judicial<\/strong> (el sur de la provincia) y tendr\u00e1 lugar entre el 3 y el 6 de agosto pr\u00f3ximos, en el Centro de Congresos y Exposiciones en San Rafael.<\/p>\n<p>All\u00ed, los 12 ciudadanos seleccionados oportunamente<strong>\u00a0deber\u00e1n decidir si el polic\u00eda alvearense V\u00edctor Hugo Acu\u00f1a es culpable o no de matar a su esposa<\/strong>,\u00a0<strong><em>Lorena Segura<\/em><\/strong>. Acu\u00f1a llega a esta instancia con la imputaci\u00f3n del delito de \u201c<strong><em>homicidio doblemente agravado por uso de arma de fuego y por el v\u00ednculo<\/em><\/strong>\u201d y arriesga una pena de cadena perpetua.<\/p>\n<h4><strong>\u00bfAccidente u homicidio?<\/strong><\/h4>\n<p>El\u00a0<strong>15 de abril de 2018 Lorena Segura<\/strong>\u00a0(<strong>30<\/strong>)\u00a0<strong>resulto muerta por un disparo que sali\u00f3 del arma reglamentaria de su esposo<\/strong>, el polic\u00eda\u00a0<strong>Acu\u00f1a<\/strong>. El hecho ocurri\u00f3 en el departamento que ambos compart\u00edan en la\u00a0<strong>calle Paso de los Andes<\/strong>, de\u00a0<strong>General Alvear<\/strong>.<\/p>\n<p>El efectivo, en sede policial, afirm\u00f3 que la pistola se accion\u00f3 accidentalmente durante un forcejeo que mantuvo con Segura cuando \u00e9sta impidi\u00f3 que se quitara la vida de un disparo en la cabeza. Sin embargo, en la primera parte de la investigaci\u00f3n que encabez\u00f3 la\u00a0<strong>fiscal Silvia Ag\u00fcero<\/strong>\u00a0surgieron pruebas que quitaron fuerza a esa hip\u00f3tesis y que llevaron a la fiscal a considerar que Acu\u00f1a hab\u00eda disparado ex profeso contra su esposa.<\/p>\n<p>Fue por eso que lo imput\u00f3 del delito de \u201c<strong><em>homicidio doblemente agravado por uso de arma de fuego y por el v\u00ednculo<\/em><\/strong>\u201d y orden\u00f3 su traslado a la penitenciar\u00eda de San Rafael. All\u00ed permanece \u2013y lo har\u00e1- hasta la realizaci\u00f3n del debate.<\/p>\n<h5><em>F.B. (F.M. Vi\u00f1as).<\/em><\/h5>\n","protected":false},"excerpt":{"rendered":"<p>Este jueves se realizar\u00e1 el sorteo de los miembros que integrar\u00e1n dicho jurado. La selecci\u00f3n tendr\u00e1 una particularidad, ya que, a &#8230;<\/p>\n","protected":false},"author":8,"featured_media":73941,"comment_status":"open","ping_status":"open","sticky":false,"template":"","format":"standard","meta":{"footnotes":""},"categories":[1],"tags":[],"class_list":["post-73940","post","type-post","status-publish","format-standard","has-post-thumbnail","hentry","category-fmvinas"],"_links":{"self":[{"href":"https:\/\/vinasfm.com\/noticias\/wp-json\/wp\/v2\/posts\/73940","targetHints":{"allow":["GET"]}}],"collection":[{"href":"https:\/\/vinasfm.com\/noticias\/wp-json\/wp\/v2\/posts"}],"about":[{"href":"https:\/\/vinasfm.com\/noticias\/wp-json\/wp\/v2\/types\/post"}],"author":[{"embeddable":true,"href":"https:\/\/vinasfm.com\/noticias\/wp-json\/wp\/v2\/users\/8"}],"replies":[{"embeddable":true,"href":"https:\/\/vinasfm.com\/noticias\/wp-json\/wp\/v2\/comments?post=73940"}],"version-history":[{"count":1,"href":"https:\/\/vinasfm.com\/noticias\/wp-json\/wp\/v2\/posts\/73940\/revisions"}],"predecessor-version":[{"id":74019,"href":"https:\/\/vinasfm.com\/noticias\/wp-json\/wp\/v2\/posts\/73940\/revisions\/74019"}],"wp:featuredmedia":[{"embeddable":true,"href":"https:\/\/vinasfm.com\/noticias\/wp-json\/wp\/v2\/media\/73941"}],"wp:attachment":[{"href":"https:\/\/vinasfm.com\/noticias\/wp-json\/wp\/v2\/media?parent=73940"}],"wp:term":[{"taxonomy":"category","embeddable":true,"href":"https:\/\/vinasfm.com\/noticias\/wp-json\/wp\/v2\/categories?post=73940"},{"taxonomy":"post_tag","embeddable":true,"href":"https:\/\/vinasfm.com\/noticias\/wp-json\/wp\/v2\/tags?post=73940"}],"curies":[{"name":"wp","href":"https:\/\/api.w.org\/{rel}","templated":true}]}}