{"id":73937,"date":"2020-07-30T05:51:13","date_gmt":"2020-07-30T08:51:13","guid":{"rendered":"http:\/\/vinasfm.com\/noticias\/?p=73937"},"modified":"2020-07-31T07:54:51","modified_gmt":"2020-07-31T10:54:51","slug":"suarez-mientras-el-sistema-de-salud-responda-no-restringiremos-las-libertades-individuales","status":"publish","type":"post","link":"https:\/\/vinasfm.com\/noticias\/suarez-mientras-el-sistema-de-salud-responda-no-restringiremos-las-libertades-individuales\/","title":{"rendered":"SUAREZ: \u201cMIENTRAS EL SISTEMA DE SALUD RESPONDA, NO RESTRINGIREMOS LAS LIBERTADES INDIVIDUALES\u201d"},"content":{"rendered":"<h4>El Gobernador apel\u00f3 una vez m\u00e1s al aislamiento voluntario para evitar contagios de COVID-19. Remarc\u00f3 que la situaci\u00f3n se monitorea a diario en un escenario incierto y que, sobre la base de la tasa de letalidad y a la respuesta del sistema de salud, se toman las decisiones.<\/h4>\n<p>El Gobernador Rodolfo Suarez y la ministra de Salud, Desarrollo Social y Deportes, Ana Mar\u00eda Nadal, visitaron el estadio cubierto Aconcagua Arena. En el lugar, el \u00e1rea recibe los elementos sanitarios comprados en el marco de la pandemia. All\u00ed se ha montado un anexo para almacenar solo una parte de todos los materiales con los que cuenta el Gobierno de Mendoza.<\/p>\n<p>Al finalizar la actividad, el Gobernador Rodolfo Suarez dijo: \u201cEn Mendoza estamos bien con la tasa de letalidad y la respuesta del sistema de salud. Cuando esa tasa aumente y cuando el sistema de salud no pueda dar respuesta, tomaremos medidas en cuanto a las libertades individuales y al funcionamiento de la econom\u00eda. Eso lo vamos analizando todos los d\u00edas en un escenario de incertidumbre. Est\u00e1 comprobado que el virus no tiene que ver con las estaciones del a\u00f1o, por ello apostamos a que el sistema funcione y la batalla la da la ciencia\u201d.<\/p>\n<h4><strong>Variables a tener en cuenta para tomar medidas<\/strong><\/h4>\n<p>\u201cEl sistema puede responder gracias a estas compras que hemos hecho a trav\u00e9s de concursos de precios, por m\u00e1s que en esta situaci\u00f3n se permita la compra directa. A esto agregamos el costo de hoteler\u00eda. Llevamos gastados m\u00e1s de 100 millones de pesos entre gente que est\u00e1 repatriada, casos sospechosos y casos leves que estamos enviando ahora\u201d, explic\u00f3 el mandatario.<\/p>\n<p>\u201cNosotros interpelamos a la gente en el aislamiento voluntario porque no queremos parar el desarrollo econ\u00f3mico y las libertades individuales de los mendocinos. Las variables a tener en cuenta son la respuesta del sistema y la tasa de letalidad. Lo que tenemos que hacer es cuidar a los adultos mayores, y la forma de hacerlo es que se cuiden los j\u00f3venes. El mayor n\u00famero de contagios es de 15 a 40 a\u00f1os, que son los que s\u00ed pueden contagiar a alguien que puede morir\u201d, detall\u00f3 el jefe del Ejecutivo provincial.<\/p>\n<h4><strong>Alto cumplimiento del aislamiento voluntario<\/strong><\/h4>\n<p>Consultado sobre el grado de cumplimiento del pedido del Gobernador a los mendocinos, destac\u00f3: \u201cHay un gran cumplimiento del aislamiento, de forma responsable, pero tambi\u00e9n vemos incumplimientos con juntadas ilegales, fiestas, templos evang\u00e9licos que no cumplen la normativa y dem\u00e1s. De forma permanente recordamos que hay que salir solo lo necesario. Decidir entre lo necesario y lo que no lo es, es decidir entre la vida y la muerte\u201d.<\/p>\n<p>\u201cEl aislamiento en marzo fue correcto. En Mendoza fuimos pioneros cerrando aeropuertos, fronteras y pidiendo que se aislaran quienes llegaban de viaje. Hacemos un esfuerzo enorme de control en la provincia, hemos ofrecido hoteles a los camioneros y dem\u00e1s. El Estado puede dar respuesta en muchos sentidos, pero las decisiones individuales son de cada uno y llevan a una cuesti\u00f3n colectiva que afecta a todos\u201d, grafic\u00f3 Suarez.<\/p>\n<h4><strong>El porcentaje de camas ocupadas por COVID-19 es baj\u00edsimo<\/strong><\/h4>\n<p>\u201cCada enfermo de COVID-19 es una v\u00edctima y no un villano. Hay familias que pierden a sus seres queridos. Tenemos en cuenta el aumento de casos, pero el sistema responde a\u00fan. El porcentaje de camas ocupadas por COVID es baj\u00edsimo. Ese es uno de los datos que tenemos en cuenta a la hora de optar por el aislamiento voluntario\u201d, reiter\u00f3 el Gobernador.<\/p>\n<h4><strong>La Provincia ha invertido 570 millones de pesos en elementos sanitarios<\/strong><\/h4>\n<h5>Ver m\u00e1s en:\u00a0<a href=\"http:\/\/vinasfm.com\/noticias\/mendoza-que-insumos-compro-y-cuanto-gasto-salud-durante-la-pandemia\/\">http:\/\/vinasfm.com\/noticias\/mendoza-que-insumos-compro-y-cuanto-gasto-salud-durante-la-pandemia\/<\/a><\/h5>\n<p>Hasta el momento, la Provincia ha invertido $570 millones en insumos, medicamentos y reactivos de laboratorio para atender las necesidades. Adem\u00e1s, en agosto llegar\u00e1n 10.000 test PCR y 10.000 test Eclia, que ya fueron comprados. En tanto que ser\u00e1n comprados en los pr\u00f3ximos d\u00edas 20.000 test PCR m\u00e1s.<\/p>\n<p>As\u00ed lo explic\u00f3 la ministra de salud, Ana Mar\u00eda Nadal, a la prensa presente: \u201cEstamos haciendo un recorrido por este estadio cerrado en donde estamos almacenando las compras que hemos hecho desde marzo hasta ahora para atender la situaci\u00f3n de la pandemia. Hemos tenido que habilitar este dep\u00f3sito de almacenamiento para guardar gran cantidad de insumos. Es un dep\u00f3sito alternativo al que tiene el Ministerio de Salud en la calle Videla Castillo y que ya se encuentra completo de equipamiento\u201d.<\/p>\n<p>\u201cEsto se ha comprado a trav\u00e9s de una licitaci\u00f3n internacional desde el Ministerio de Salud. Hay en total una inversi\u00f3n de 570 millones de pesos en insumos, fundamentalmente en equipos de protecci\u00f3n personal, equipamiento hospitalario, test, diagn\u00f3sticos. Tambi\u00e9n tenemos almacenado alcohol en gel y l\u00edquido, y agradecemos a todas las empresas que han colaborado en la donaci\u00f3n\u201d, agreg\u00f3 la funcionaria.<\/p>\n<p>La ministra aclar\u00f3 que las compras se han realizado tanto a proveedores extranjeros como a locales, y aclar\u00f3: \u201cVamos monitoreando lo que falta y avanzamos en compras seg\u00fan necesidad. En agosto vamos a comprar 20 mil reactivos PCR tambi\u00e9n, y estamos recibiendo insumos y reactivos de Naci\u00f3n\u201d.<\/p>\n<h4><strong>Hay camas disponibles en el sistema hospitalario\u00a0<\/strong><\/h4>\n<p>Respecto de la capacidad de respuesta del sistema de salud, Nadal dijo: \u201cHoy contamos con camas hospitalarias, hoteleras y de terapias libres. Tenemos un 60% de ocupaci\u00f3n de terapia. Vamos realizando una rotaci\u00f3n con casos leves para descomprimir e iremos ampliando las terapias en medida que vayamos necesitando\u201d.<\/p>\n<p>\u201cEsta situaci\u00f3n de contagio la vamos viendo a diario. Los pron\u00f3sticos no son certeros, estamos analizando si los contagios son controlables, es decir, asociados a personas positivas o no.\u00a0 Tenemos que estar expectantes sabiendo que seguiremos teniendo casos, y que pueden aumentar tambi\u00e9n y que durante un tiempo sostenido ser\u00e1 as\u00ed. Iremos reacondicionando el sistema a medida que vayamos necesitando\u201d, explic\u00f3 la titular de la cartera.<\/p>\n<h5><strong><em>A.C.<\/em><\/strong><\/h5>\n","protected":false},"excerpt":{"rendered":"<p>El Gobernador apel\u00f3 una vez m\u00e1s al aislamiento voluntario para evitar contagios de COVID-19. Remarc\u00f3 que la situaci\u00f3n se monitorea a &#8230;<\/p>\n","protected":false},"author":7,"featured_media":73290,"comment_status":"open","ping_status":"open","sticky":false,"template":"","format":"standard","meta":{"footnotes":""},"categories":[5,72],"tags":[],"class_list":["post-73937","post","type-post","status-publish","format-standard","has-post-thumbnail","hentry","category-actualidad","category-cuarentena"],"_links":{"self":[{"href":"https:\/\/vinasfm.com\/noticias\/wp-json\/wp\/v2\/posts\/73937","targetHints":{"allow":["GET"]}}],"collection":[{"href":"https:\/\/vinasfm.com\/noticias\/wp-json\/wp\/v2\/posts"}],"about":[{"href":"https:\/\/vinasfm.com\/noticias\/wp-json\/wp\/v2\/types\/post"}],"author":[{"embeddable":true,"href":"https:\/\/vinasfm.com\/noticias\/wp-json\/wp\/v2\/users\/7"}],"replies":[{"embeddable":true,"href":"https:\/\/vinasfm.com\/noticias\/wp-json\/wp\/v2\/comments?post=73937"}],"version-history":[{"count":1,"href":"https:\/\/vinasfm.com\/noticias\/wp-json\/wp\/v2\/posts\/73937\/revisions"}],"predecessor-version":[{"id":73938,"href":"https:\/\/vinasfm.com\/noticias\/wp-json\/wp\/v2\/posts\/73937\/revisions\/73938"}],"wp:featuredmedia":[{"embeddable":true,"href":"https:\/\/vinasfm.com\/noticias\/wp-json\/wp\/v2\/media\/73290"}],"wp:attachment":[{"href":"https:\/\/vinasfm.com\/noticias\/wp-json\/wp\/v2\/media?parent=73937"}],"wp:term":[{"taxonomy":"category","embeddable":true,"href":"https:\/\/vinasfm.com\/noticias\/wp-json\/wp\/v2\/categories?post=73937"},{"taxonomy":"post_tag","embeddable":true,"href":"https:\/\/vinasfm.com\/noticias\/wp-json\/wp\/v2\/tags?post=73937"}],"curies":[{"name":"wp","href":"https:\/\/api.w.org\/{rel}","templated":true}]}}