{"id":73900,"date":"2020-08-03T21:45:53","date_gmt":"2020-08-04T00:45:53","guid":{"rendered":"http:\/\/vinasfm.com\/noticias\/?p=73900"},"modified":"2020-08-04T22:21:51","modified_gmt":"2020-08-05T01:21:51","slug":"calendario-de-agosto-todas-las-fechas-y-montos-por-cada-beneficio","status":"publish","type":"post","link":"https:\/\/vinasfm.com\/noticias\/calendario-de-agosto-todas-las-fechas-y-montos-por-cada-beneficio\/","title":{"rendered":"CALENDARIO DE AGOSTO: TODAS LAS FECHAS Y MONTOS POR CADA BENEFICIO"},"content":{"rendered":"<h4 style=\"text-align: left;\"><strong>Durante el octavo mes, los haberes de asistencia social a cargo de la Administraci\u00f3n Nacional de Seguridad Social (ANSES) mantendr\u00e1n los mismos montos y reglas con respecto a lo que va del a\u00f1o.<\/strong><\/h4>\n<p>El organismo<strong> volver\u00e1 a otorgar\u00a0el bono extraordinario de $10.000 a quienes lo vienen cobrando desde marzo<\/strong>, mientras que los pagos habituales de <strong>asignaciones, jubilaciones y desempleo ya tienen calendario definido<\/strong>.<\/p>\n<h3 style=\"text-align: center;\"><strong>JUBILACIONES\u00a0<\/strong><\/h3>\n<p>Durante este mes, los adultos mayores que reciben su jubilaci\u00f3n o pensi\u00f3n a trav\u00e9s de ANSES cobrar\u00e1n a partir del 3 de agosto, extendi\u00e9ndose el calendario hasta el 31 seg\u00fan cada segmento de asistencia social.<\/p>\n<p><strong>Calendario de\u00a0pagos PUAM<\/strong><\/p>\n<p><strong>DNI terminado en\u00a0 \u00a0 \u00a0Fecha de cobro<\/strong><\/p>\n<p>0 y 1\u00a0 \u00a0 \u00a0 \u00a0 \u00a0 \u00a0 \u00a0 \u00a0 \u00a0 \u00a0 \u00a0 \u00a0 \u00a0 \u00a0 \u00a0 \u00a0 \u00a0 \u00a0 3 de agosto<\/p>\n<p>2 y 3\u00a0 \u00a0 \u00a0 \u00a0 \u00a0 \u00a0 \u00a0 \u00a0 \u00a0 \u00a0 \u00a0 \u00a0 \u00a0 \u00a0 \u00a0 \u00a0 \u00a0 \u00a04 de agosto<\/p>\n<p>4 y 5\u00a0 \u00a0 \u00a0 \u00a0 \u00a0 \u00a0 \u00a0 \u00a0 \u00a0 \u00a0 \u00a0 \u00a0 \u00a0 \u00a0 \u00a0 \u00a0 \u00a0 \u00a05 de agosto<\/p>\n<p>6 y 7\u00a0 \u00a0 \u00a0 \u00a0 \u00a0 \u00a0 \u00a0 \u00a0 \u00a0 \u00a0 \u00a0 \u00a0 \u00a0 \u00a0 \u00a0 \u00a0 \u00a0 \u00a06 de agosto<\/p>\n<p>8 y 9\u00a0 \u00a0 \u00a0 \u00a0 \u00a0 \u00a0 \u00a0 \u00a0 \u00a0 \u00a0 \u00a0 \u00a0 \u00a0 \u00a0 \u00a0 \u00a0 \u00a0 \u00a07 de agosto<\/p>\n<h4><strong>Calendario de pagos jubilaci\u00f3n: <\/strong><strong>Menos de $18.852<\/strong><\/h4>\n<p><strong>DNI terminado en\u00a0 \u00a0 \u00a0 \u00a0 \u00a0 Fecha de cobro<\/strong><\/p>\n<p>0\u00a0 \u00a0 \u00a0 \u00a0 \u00a0 \u00a0 \u00a0 \u00a0 \u00a0 \u00a0 \u00a0 \u00a0 \u00a0 \u00a0 \u00a0 \u00a0 \u00a0 \u00a0 \u00a0 \u00a0 \u00a0 \u00a0 \u00a0 \u00a010 de agosto<\/p>\n<p>1\u00a0 \u00a0 \u00a0 \u00a0 \u00a0 \u00a0 \u00a0 \u00a0 \u00a0 \u00a0 \u00a0 \u00a0 \u00a0 \u00a0 \u00a0 \u00a0 \u00a0 \u00a0 \u00a0 \u00a0 \u00a0 \u00a0 \u00a0 \u00a011 de agosto<\/p>\n<p>2\u00a0 \u00a0 \u00a0 \u00a0 \u00a0 \u00a0 \u00a0 \u00a0 \u00a0 \u00a0 \u00a0 \u00a0 \u00a0 \u00a0 \u00a0 \u00a0 \u00a0 \u00a0 \u00a0 \u00a0 \u00a0 \u00a0 \u00a0 \u00a012 de agosto<\/p>\n<p>3\u00a0 \u00a0 \u00a0 \u00a0 \u00a0 \u00a0 \u00a0 \u00a0 \u00a0 \u00a0 \u00a0 \u00a0 \u00a0 \u00a0 \u00a0 \u00a0 \u00a0 \u00a0 \u00a0 \u00a0 \u00a0 \u00a0 \u00a0 \u00a013 de agosto<\/p>\n<p>4\u00a0 \u00a0 \u00a0 \u00a0 \u00a0 \u00a0 \u00a0 \u00a0 \u00a0 \u00a0 \u00a0 \u00a0 \u00a0 \u00a0 \u00a0 \u00a0 \u00a0 \u00a0 \u00a0 \u00a0 \u00a0 \u00a0 \u00a0 \u00a014 de agosto<\/p>\n<p>5\u00a0 \u00a0 \u00a0 \u00a0 \u00a0 \u00a0 \u00a0 \u00a0 \u00a0 \u00a0 \u00a0 \u00a0 \u00a0 \u00a0 \u00a0 \u00a0 \u00a0 \u00a0 \u00a0 \u00a0 \u00a0 \u00a0 \u00a0 \u00a018 de agosto<\/p>\n<p>6\u00a0 \u00a0 \u00a0 \u00a0 \u00a0 \u00a0 \u00a0 \u00a0 \u00a0 \u00a0 \u00a0 \u00a0 \u00a0 \u00a0 \u00a0 \u00a0 \u00a0 \u00a0 \u00a0 \u00a0 \u00a0 \u00a0 \u00a0 \u00a019 de agosto<\/p>\n<p>7\u00a0 \u00a0 \u00a0 \u00a0 \u00a0 \u00a0 \u00a0 \u00a0 \u00a0 \u00a0 \u00a0 \u00a0 \u00a0 \u00a0 \u00a0 \u00a0 \u00a0 \u00a0 \u00a0 \u00a0 \u00a0 \u00a0 \u00a0 \u00a020 de agosto<\/p>\n<p>8\u00a0 \u00a0 \u00a0 \u00a0 \u00a0 \u00a0 \u00a0 \u00a0 \u00a0 \u00a0 \u00a0 \u00a0 \u00a0 \u00a0 \u00a0 \u00a0 \u00a0 \u00a0 \u00a0 \u00a0 \u00a0 \u00a0 \u00a0 21 de agosto<\/p>\n<p>9\u00a0 \u00a0 \u00a0 \u00a0 \u00a0 \u00a0 \u00a0 \u00a0 \u00a0 \u00a0 \u00a0 \u00a0 \u00a0 \u00a0 \u00a0 \u00a0 \u00a0 \u00a0 \u00a0 \u00a0 \u00a0 \u00a0 \u00a0 24 de agosto<\/p>\n<h4><strong>Calendario de pagos jubilaci\u00f3n: <\/strong><strong>M\u00e1s de $18.952<\/strong><\/h4>\n<p><strong>DNI termina en\u00a0 \u00a0 \u00a0 \u00a0 \u00a0 Fecha de cobro<\/strong><\/p>\n<p>0 y 1\u00a0 \u00a0 \u00a0 \u00a0 \u00a0 \u00a0 \u00a0 \u00a0 \u00a0 \u00a0 \u00a0 \u00a0 \u00a0 \u00a0 \u00a0 \u00a0 \u00a0 \u00a0 10 de agosto<\/p>\n<p>2 y 3\u00a0 \u00a0 \u00a0 \u00a0 \u00a0 \u00a0 \u00a0 \u00a0 \u00a0 \u00a0 \u00a0 \u00a0 \u00a0 \u00a0 \u00a0 \u00a0 \u00a0 \u00a011 de agosto<\/p>\n<p>4 y 5\u00a0 \u00a0 \u00a0 \u00a0 \u00a0 \u00a0 \u00a0 \u00a0 \u00a0 \u00a0 \u00a0 \u00a0 \u00a0 \u00a0 \u00a0 \u00a0 \u00a0 \u00a012 de agosto<\/p>\n<p>6 y 7\u00a0 \u00a0 \u00a0 \u00a0 \u00a0 \u00a0 \u00a0 \u00a0 \u00a0 \u00a0 \u00a0 \u00a0 \u00a0 \u00a0 \u00a0 \u00a0 \u00a0 \u00a013 de agosto<\/p>\n<p>8 y 9\u00a0 \u00a0 \u00a0 \u00a0 \u00a0 \u00a0 \u00a0 \u00a0 \u00a0 \u00a0 \u00a0 \u00a0 \u00a0 \u00a0 \u00a0 \u00a0 \u00a0 \u00a014 de agosto<\/p>\n<h3 style=\"text-align: center;\"><strong>AUH &#8211; IFE &#8211; PROGRAMA ALIMENTAR<\/strong><\/h3>\n<p>Al igual que\u00a0en la \u00faltima entrega del Ingreso Familiar de Emergencia, en agosto las\/os titulares de la\u00a0<strong>Asignaci\u00f3n Uniuversal por Hijo y la Asignaci\u00f3n por Embarazo de ANSES recibir\u00e1n el bono de $10.000 el mismo d\u00eda de cobro del haber habitual, en la misma cuenta bancaria<\/strong>. El calendario es el siguiente.<\/p>\n<p><strong>DNI terminado en\u00a0 \u00a0 \u00a0 \u00a0 \u00a0 Fecha de cobro<\/strong><\/p>\n<p>0\u00a0 \u00a0 \u00a0 \u00a0 \u00a0 \u00a0 \u00a0 \u00a0 \u00a0 \u00a0 \u00a0 \u00a0 \u00a0 \u00a0 \u00a0 \u00a0 \u00a0 \u00a0 \u00a0 \u00a0 \u00a0 \u00a0 \u00a0 \u00a0 10 de agosto<\/p>\n<p>1\u00a0 \u00a0 \u00a0 \u00a0 \u00a0 \u00a0 \u00a0 \u00a0 \u00a0 \u00a0 \u00a0 \u00a0 \u00a0 \u00a0 \u00a0 \u00a0 \u00a0 \u00a0 \u00a0 \u00a0 \u00a0 \u00a0 \u00a0 \u00a0 11 de agosto<\/p>\n<p>2\u00a0 \u00a0 \u00a0 \u00a0 \u00a0 \u00a0 \u00a0 \u00a0 \u00a0 \u00a0 \u00a0 \u00a0 \u00a0 \u00a0 \u00a0 \u00a0 \u00a0 \u00a0 \u00a0 \u00a0 \u00a0 \u00a0 \u00a0 \u00a0 12 de agosto<\/p>\n<p>3\u00a0 \u00a0 \u00a0 \u00a0 \u00a0 \u00a0 \u00a0 \u00a0 \u00a0 \u00a0 \u00a0 \u00a0 \u00a0 \u00a0 \u00a0 \u00a0 \u00a0 \u00a0 \u00a0 \u00a0 \u00a0 \u00a0 \u00a0 \u00a0 13 de agosto<\/p>\n<p>4\u00a0 \u00a0 \u00a0 \u00a0 \u00a0 \u00a0 \u00a0 \u00a0 \u00a0 \u00a0 \u00a0 \u00a0 \u00a0 \u00a0 \u00a0 \u00a0 \u00a0 \u00a0 \u00a0 \u00a0 \u00a0 \u00a0 \u00a0 \u00a0 14 de agosto<\/p>\n<p>5\u00a0 \u00a0 \u00a0 \u00a0 \u00a0 \u00a0 \u00a0 \u00a0 \u00a0 \u00a0 \u00a0 \u00a0 \u00a0 \u00a0 \u00a0 \u00a0 \u00a0 \u00a0 \u00a0 \u00a0 \u00a0 \u00a0 \u00a0 \u00a0 18 de agosto<\/p>\n<p>6\u00a0 \u00a0 \u00a0 \u00a0 \u00a0 \u00a0 \u00a0 \u00a0 \u00a0 \u00a0 \u00a0 \u00a0 \u00a0 \u00a0 \u00a0 \u00a0 \u00a0 \u00a0 \u00a0 \u00a0 \u00a0 \u00a0 \u00a0 \u00a019 de agosto<\/p>\n<p>7\u00a0 \u00a0 \u00a0 \u00a0 \u00a0 \u00a0 \u00a0 \u00a0 \u00a0 \u00a0 \u00a0 \u00a0 \u00a0 \u00a0 \u00a0 \u00a0 \u00a0 \u00a0 \u00a0 \u00a0 \u00a0 \u00a0 \u00a0 \u00a020 de agosto<\/p>\n<p>8\u00a0 \u00a0 \u00a0 \u00a0 \u00a0 \u00a0 \u00a0 \u00a0 \u00a0 \u00a0 \u00a0 \u00a0 \u00a0 \u00a0 \u00a0 \u00a0 \u00a0 \u00a0 \u00a0 \u00a0 \u00a0 \u00a0 \u00a0 21 de agosto<\/p>\n<p>9\u00a0 \u00a0 \u00a0 \u00a0 \u00a0 \u00a0 \u00a0 \u00a0 \u00a0 \u00a0 \u00a0 \u00a0 \u00a0 \u00a0 \u00a0 \u00a0 \u00a0 \u00a0 \u00a0 \u00a0 \u00a0 \u00a0 \u00a0 24 de agosto<\/p>\n<p><strong>IMPORTANTE<\/strong>: <strong><em>el calendario de pagos SUAF (asignaci\u00f3n familiar) en agosto es el mismo. La diferencia es quienes perciben este beneficio\u00a0no cobran el IFE.<\/em><\/strong><\/p>\n<h4><strong>Tarjeta alimentaria en agosto<\/strong><\/h4>\n<p>Los montos se mantendr\u00e1n como siempre ($4.000 por un menor de 6 a\u00f1os, $6.000 por dos o m\u00e1s). Con respecto al d\u00eda de pago, ANSES a\u00fan no especific\u00f3 cu\u00e1l ser\u00e1, pero lo m\u00e1s probable es que se mantenga la modalidad de pagar el tercer viernes del mes (21 de agosto) a quienes tienen la tarjeta, y junto al haber mensual de asignaci\u00f3n a quienes no la tienen.<\/p>\n<h4><strong>\u00bfCu\u00e1nto cobra AUH en total en agosto?<\/strong><\/h4>\n<p><strong>Por un hijo MENOR de 6 a\u00f1os<\/strong><\/p>\n<ul>\n<li>$2.634 (AUH)<\/li>\n<li>$4.000 (Tarjeta Alimetaria)<\/li>\n<li>$10.000 (Ingreso Familiar de Emergencia)<br \/>\nTotal: $16.634<\/li>\n<\/ul>\n<p><strong>Por un hijo MAYOR de 6 a\u00f1os<\/strong><\/p>\n<ul>\n<li>$2.634 (AUH)<\/li>\n<li>$10.000 (Ingreso Familiar de Emergencia)<br \/>\nTotal: $12.634<\/li>\n<\/ul>\n<p><strong>Por dos hijos MENORES de 6 a\u00f1os<\/strong><\/p>\n<ul>\n<li>$5.268 (AUH)<\/li>\n<li>$6.000 (Tarjeta Alimentar)<\/li>\n<li>$10.000 (Ingreso Familiar de Emergencia)<br \/>\nTotal: $21.268<\/li>\n<\/ul>\n<p><strong>\u00bfCu\u00e1nto cobro por dos hijos MAYORES de 6 a\u00f1os?<\/strong><\/p>\n<ul>\n<li>$5.268 (AUH)<\/li>\n<li>$10.000 (Ingreso Familiar de Emergencia)<br \/>\nTotal: $15.268<\/li>\n<\/ul>\n<h4><strong>Ingreso Familiar de Emergencia con CBU en agosto<\/strong><\/h4>\n<p>Por el momento, no hay un calendario de pagos definido para quienes cobren el IFE por CBU ingresado en la inscripci\u00f3n o asignado por ANSES en los \u00faltimos meses. La \u00fanica certeza es que estas acreditaciones se liberar\u00e1n una vez que finalice el pago del bono extraordinaro a AUH y AUE, por lo tanto, quienes ingresaron su CBU deber\u00e1n esperar a despu\u00e9s del 24 de agosto, salvo que ANSES resuelva adelantar las fechas.<\/p>\n<h3 style=\"text-align: center;\"><strong>ATP (Asistencia al Trabajo y la Producci\u00f3n)<\/strong><\/h3>\n<p>El programa de Asistencia al Trabajo y la Producci\u00f3n se mantendr\u00e1 durante el mes de agosto, pero con algunas limitaciones. Es que el gobierno resolvi\u00f3 reducir la cantidad de empresas que recibir\u00e1n el complemento de sueldo de los trabajadores registrados y, a su vez, establecer una variaci\u00f3n de los montos otorgados seg\u00fan la situaci\u00f3n de cada provincia con respecto a la cuarentena.<\/p>\n<ul>\n<li><strong>Trabajadores de empresas en zonas en ASPO (aislamiento social preventivo y obligatorio): dos salarios m\u00ednimos, vital y m\u00f3vil.<\/strong><\/li>\n<li><strong>Trabajadores de empresas en zonas de DiSPO (distanciamiento social preventivo y oblogatorio): un salario m\u00ednimo, vital y m\u00f3vil.<\/strong><\/li>\n<\/ul>\n","protected":false},"excerpt":{"rendered":"<p>Durante el octavo mes, los haberes de asistencia social a cargo de la Administraci\u00f3n Nacional de Seguridad Social (ANSES) mantendr\u00e1n los &#8230;<\/p>\n","protected":false},"author":8,"featured_media":59886,"comment_status":"open","ping_status":"open","sticky":false,"template":"","format":"standard","meta":{"footnotes":""},"categories":[5,50],"tags":[],"class_list":["post-73900","post","type-post","status-publish","format-standard","has-post-thumbnail","hentry","category-actualidad","category-anses"],"_links":{"self":[{"href":"https:\/\/vinasfm.com\/noticias\/wp-json\/wp\/v2\/posts\/73900","targetHints":{"allow":["GET"]}}],"collection":[{"href":"https:\/\/vinasfm.com\/noticias\/wp-json\/wp\/v2\/posts"}],"about":[{"href":"https:\/\/vinasfm.com\/noticias\/wp-json\/wp\/v2\/types\/post"}],"author":[{"embeddable":true,"href":"https:\/\/vinasfm.com\/noticias\/wp-json\/wp\/v2\/users\/8"}],"replies":[{"embeddable":true,"href":"https:\/\/vinasfm.com\/noticias\/wp-json\/wp\/v2\/comments?post=73900"}],"version-history":[{"count":1,"href":"https:\/\/vinasfm.com\/noticias\/wp-json\/wp\/v2\/posts\/73900\/revisions"}],"predecessor-version":[{"id":74015,"href":"https:\/\/vinasfm.com\/noticias\/wp-json\/wp\/v2\/posts\/73900\/revisions\/74015"}],"wp:featuredmedia":[{"embeddable":true,"href":"https:\/\/vinasfm.com\/noticias\/wp-json\/wp\/v2\/media\/59886"}],"wp:attachment":[{"href":"https:\/\/vinasfm.com\/noticias\/wp-json\/wp\/v2\/media?parent=73900"}],"wp:term":[{"taxonomy":"category","embeddable":true,"href":"https:\/\/vinasfm.com\/noticias\/wp-json\/wp\/v2\/categories?post=73900"},{"taxonomy":"post_tag","embeddable":true,"href":"https:\/\/vinasfm.com\/noticias\/wp-json\/wp\/v2\/tags?post=73900"}],"curies":[{"name":"wp","href":"https:\/\/api.w.org\/{rel}","templated":true}]}}