{"id":73895,"date":"2020-07-30T07:56:27","date_gmt":"2020-07-30T10:56:27","guid":{"rendered":"http:\/\/vinasfm.com\/noticias\/?p=73895"},"modified":"2020-07-31T10:15:04","modified_gmt":"2020-07-31T13:15:04","slug":"marcolini-participo-de-una-reunion-del-comite-interprovincial-del-atuel-inferior","status":"publish","type":"post","link":"https:\/\/vinasfm.com\/noticias\/marcolini-participo-de-una-reunion-del-comite-interprovincial-del-atuel-inferior\/","title":{"rendered":"MARCOLINI PARTICIP\u00d3 DE UNA REUNI\u00d3N DEL COMIT\u00c9 INTERPROVINCIAL DEL ATUEL INFERIOR"},"content":{"rendered":"<h4><strong>Este martes, el intendente Walther Marcolini particip\u00f3 de la reuni\u00f3n virtual con el grupo de trabajo que representa a Mendoza en la CIAI (Comisi\u00f3n Interprovincial del Atuel Inferior). En la misma se analiz\u00f3 la situaci\u00f3n luego del dictamen de la Corte Suprema, futuro Plan de Obra, avanzar en sistemas de riego intrafinca presurizado, creaci\u00f3n de reservorios, entre otras acciones superadoras. <\/strong><\/h4>\n<p>La Comisi\u00f3n del <strong>CIAI Mendoza<\/strong>, que es presidida por el <strong>Ministro de Gobierno V\u00edctor Ib\u00e1\u00f1ez<\/strong>, cont\u00f3 adem\u00e1s con la participaci\u00f3n: en representaci\u00f3n de la C\u00e1mara de Comercio como integrante titular Alberto Larr\u00e9gola, , el Presidente de la FFAA como integrante suplente Carlos Achetoni, el Asesor de Gobierno Ricardo Canet , el Fiscal de Estado Fernando Sim\u00f3n, el Superintendente General de Irrigaci\u00f3n Sergio Marinelli, miembros de la fiscal\u00eda como Facundo D\u00edaz Araujo, Mauricio Pinto, por Irrigaci\u00f3n Fernando Gomenzoro, el Consejero del R\u00edo Atuel Gustavo Villegas, entre otros.<\/p>\n<p>\u201c<strong><em>Fue una reuni\u00f3n muy productiva y acordamos un seguimiento permanente para coordinar obras para realizar. Hoy habr\u00e1 una reuni\u00f3n solo de t\u00e9cnicos, que ser\u00e1 un primer abordaje en materia t\u00e9cnica de las obras que plante\u00f3 la Naci\u00f3n<\/em><\/strong>\u201d, explic\u00f3 el intendente Marcolini, quien agreg\u00f3 que ya se reuni\u00f3 con la<strong> Multisectorial<\/strong> y la <strong>C\u00e1mara de Comercio<\/strong>.<\/p>\n<p>En este sentido record\u00f3 que ya se plantearon algunas inquietudes, como la <strong>canalizaci\u00f3n del R\u00edo desde Carmensa hasta Puente Vinchuquero<\/strong>: \u201c<strong><em>Si hubiera una impermeabilizaci\u00f3n completa de los 160 kil\u00f3metros, tendr\u00edamos da\u00f1o ambiental en Mendoza, por eso se habl\u00f3 de una canalizaci\u00f3n por tramos, donde hay mayor infiltraci\u00f3n<\/em><\/strong>\u201d, manifest\u00f3 el Jefe Comunal.<\/p>\n<p>Entre las propuestas realizadas por General Alvear, Marcolini dijo: \u201c<strong><em>Una necesidad que estamos planteando es el riego intrafinca con un paquete tecnol\u00f3gico que permita modernizar el riego y mejorar la calidad de nuestra agricultura por lo que esta puede ser una posibilidad de avanzar en este camino<\/em><\/strong>\u201d.<\/p>\n<p>Asimismo, se refiri\u00f3 a lo anunciado por la Provincia acerca de presentar una acci\u00f3n judicial por las regal\u00edas de Los Nihuiles: \u201c<strong><em>Este es un tema que ven\u00eda trabaj\u00e1ndose, donde la empresa mendocina de energ\u00eda realiz\u00f3 el c\u00e1lculo de cu\u00e1ntas son las regal\u00edas que corresponde, desde el a\u00f1o 73 a la fecha, algo muy dif\u00edcil de medir por las crisis financieras que han habido en la Argentina, por eso se calcul\u00f3 en t\u00e9rminos de generaci\u00f3n de megavatios hora\/a\u00f1o. La decisi\u00f3n est\u00e1 tomada y el primer reclamo formal de la Provincia v\u00eda juicio a la Naci\u00f3n ser\u00e1 por el Fondo Soja y con posterioridad se presentar\u00e1 el reclamo formal por la devoluci\u00f3n de las regal\u00edas de los Nihuiles<\/em><\/strong>\u201d.<\/p>\n<p>A esto, el Ejecutivo Municipal agreg\u00f3 que <strong>Mendoza tiene que realizar un reclamo formal, v\u00eda juicio, a la Provincia de Buenos Aires y a la Provincia de La Pampa, por el agua que vienen utilizando desde que se construy\u00f3 la represa Casa de Piedra<\/strong>, que corresponde a los 34 mts3, si se quiere hoy tambi\u00e9n por el cambio clim\u00e1tico 24mts3 del R\u00edo Grande al R\u00edo Colorado. Lo que significa una fuente de ingresos importantes, que mientras a Mendoza no se le autorice el trasvase del Grande al Atuel, esa agua la utiliza la represa Casa de Piedra, y Mendoza tiene derecho a un resarcimiento.<\/p>\n<p>Cabe destacar que la pr\u00f3xima semana se realizar\u00e1 una nueva reuni\u00f3n en la cual participar\u00e1n concejales, legisladores provinciales y referentes ambientales para continuar discutiendo qu\u00e9 obras y mejoras son necesarias para cumplir con lo planteado por la Corte, de entregar 3,2 mts3 por segundo.<\/p>\n<h5><em>\u2022F.B.<\/em><\/h5>\n","protected":false},"excerpt":{"rendered":"<p>Este martes, el intendente Walther Marcolini particip\u00f3 de la reuni\u00f3n virtual con el grupo de trabajo que representa a Mendoza en &#8230;<\/p>\n","protected":false},"author":8,"featured_media":73896,"comment_status":"open","ping_status":"open","sticky":false,"template":"","format":"standard","meta":{"footnotes":""},"categories":[5,54],"tags":[],"class_list":["post-73895","post","type-post","status-publish","format-standard","has-post-thumbnail","hentry","category-actualidad","category-conflicto-con-la-pampa"],"_links":{"self":[{"href":"https:\/\/vinasfm.com\/noticias\/wp-json\/wp\/v2\/posts\/73895","targetHints":{"allow":["GET"]}}],"collection":[{"href":"https:\/\/vinasfm.com\/noticias\/wp-json\/wp\/v2\/posts"}],"about":[{"href":"https:\/\/vinasfm.com\/noticias\/wp-json\/wp\/v2\/types\/post"}],"author":[{"embeddable":true,"href":"https:\/\/vinasfm.com\/noticias\/wp-json\/wp\/v2\/users\/8"}],"replies":[{"embeddable":true,"href":"https:\/\/vinasfm.com\/noticias\/wp-json\/wp\/v2\/comments?post=73895"}],"version-history":[{"count":1,"href":"https:\/\/vinasfm.com\/noticias\/wp-json\/wp\/v2\/posts\/73895\/revisions"}],"predecessor-version":[{"id":73897,"href":"https:\/\/vinasfm.com\/noticias\/wp-json\/wp\/v2\/posts\/73895\/revisions\/73897"}],"wp:featuredmedia":[{"embeddable":true,"href":"https:\/\/vinasfm.com\/noticias\/wp-json\/wp\/v2\/media\/73896"}],"wp:attachment":[{"href":"https:\/\/vinasfm.com\/noticias\/wp-json\/wp\/v2\/media?parent=73895"}],"wp:term":[{"taxonomy":"category","embeddable":true,"href":"https:\/\/vinasfm.com\/noticias\/wp-json\/wp\/v2\/categories?post=73895"},{"taxonomy":"post_tag","embeddable":true,"href":"https:\/\/vinasfm.com\/noticias\/wp-json\/wp\/v2\/tags?post=73895"}],"curies":[{"name":"wp","href":"https:\/\/api.w.org\/{rel}","templated":true}]}}