{"id":73849,"date":"2020-07-29T00:42:10","date_gmt":"2020-07-29T03:42:10","guid":{"rendered":"http:\/\/vinasfm.com\/noticias\/?p=73849"},"modified":"2020-07-30T08:20:36","modified_gmt":"2020-07-30T11:20:36","slug":"pronostico-cambia-el-tiempo-durante-la-semana","status":"publish","type":"post","link":"https:\/\/vinasfm.com\/noticias\/pronostico-cambia-el-tiempo-durante-la-semana\/","title":{"rendered":"PRON\u00d3STICO: \u00bfCAMBIA EL TIEMPO DURANTE LA SEMANA?"},"content":{"rendered":"<h4><strong>Ser\u00e1 una semana sin cambios en la temperatura, seg\u00fan el pron\u00f3stico extendido de la Direcci\u00f3n de Agricultura y Contingencias Clim\u00e1ticas.<\/strong><\/h4>\n<p>Para este mi\u00e9rcoles se anuncia \u201cpoca nubosidad con heladas y leve ascenso de la temperatura, vientos del noreste\u201d y estiman una temperatura m\u00e1xima de 15\u00ba.<\/p>\n<p>Para ma\u00f1ana estas condiciones meteorol\u00f3gicas se mantendr\u00e1n con leve ascenso de la temperatura. Para el viernes continuar\u00e1n pero comenzar\u00e1 la inestabilidad en la zona de la cordillera. Y para el s\u00e1bado se indica \u201czonda en precordillera y nevadas en alta monta\u00f1a\u201d.<\/p>\n<h5><strong><em>A.C.<\/em><\/strong><\/h5>\n","protected":false},"excerpt":{"rendered":"<p>Ser\u00e1 una semana sin cambios en la temperatura, seg\u00fan el pron\u00f3stico extendido de la Direcci\u00f3n de Agricultura y Contingencias Clim\u00e1ticas. Para &#8230;<\/p>\n","protected":false},"author":7,"featured_media":53046,"comment_status":"open","ping_status":"open","sticky":false,"template":"","format":"standard","meta":{"footnotes":""},"categories":[5,36],"tags":[],"class_list":["post-73849","post","type-post","status-publish","format-standard","has-post-thumbnail","hentry","category-actualidad","category-pronostico"],"_links":{"self":[{"href":"https:\/\/vinasfm.com\/noticias\/wp-json\/wp\/v2\/posts\/73849","targetHints":{"allow":["GET"]}}],"collection":[{"href":"https:\/\/vinasfm.com\/noticias\/wp-json\/wp\/v2\/posts"}],"about":[{"href":"https:\/\/vinasfm.com\/noticias\/wp-json\/wp\/v2\/types\/post"}],"author":[{"embeddable":true,"href":"https:\/\/vinasfm.com\/noticias\/wp-json\/wp\/v2\/users\/7"}],"replies":[{"embeddable":true,"href":"https:\/\/vinasfm.com\/noticias\/wp-json\/wp\/v2\/comments?post=73849"}],"version-history":[{"count":1,"href":"https:\/\/vinasfm.com\/noticias\/wp-json\/wp\/v2\/posts\/73849\/revisions"}],"predecessor-version":[{"id":73850,"href":"https:\/\/vinasfm.com\/noticias\/wp-json\/wp\/v2\/posts\/73849\/revisions\/73850"}],"wp:featuredmedia":[{"embeddable":true,"href":"https:\/\/vinasfm.com\/noticias\/wp-json\/wp\/v2\/media\/53046"}],"wp:attachment":[{"href":"https:\/\/vinasfm.com\/noticias\/wp-json\/wp\/v2\/media?parent=73849"}],"wp:term":[{"taxonomy":"category","embeddable":true,"href":"https:\/\/vinasfm.com\/noticias\/wp-json\/wp\/v2\/categories?post=73849"},{"taxonomy":"post_tag","embeddable":true,"href":"https:\/\/vinasfm.com\/noticias\/wp-json\/wp\/v2\/tags?post=73849"}],"curies":[{"name":"wp","href":"https:\/\/api.w.org\/{rel}","templated":true}]}}