{"id":73841,"date":"2020-07-29T07:57:40","date_gmt":"2020-07-29T10:57:40","guid":{"rendered":"http:\/\/vinasfm.com\/noticias\/?p=73841"},"modified":"2020-07-30T08:27:08","modified_gmt":"2020-07-30T11:27:08","slug":"anses-continua-el-pago-de-jubilaciones-pensiones-prestaciones-y-atp","status":"publish","type":"post","link":"https:\/\/vinasfm.com\/noticias\/anses-continua-el-pago-de-jubilaciones-pensiones-prestaciones-y-atp\/","title":{"rendered":"ANSES: CONTIN\u00daA EL PAGO DE JUBILACIONES, PENSIONES, PRESTACIONES Y ATP"},"content":{"rendered":"<h4><strong>Desde la Administraci\u00f3n Nacional de la Seguridad Social informaron qu\u00e9 beneficiarios de Jubilaciones, Pensiones, Prestaci\u00f3n por Desempleo y ATP cobrar\u00e1n este mi\u00e9rcoles 29 de julio. Los detalles.<\/strong><\/h4>\n<h4><strong>Titulares de jubilaciones y pensiones del Sistema Integrado Previsional Argentino (SIPA)<\/strong><\/h4>\n<p>Las sucursales bancarias habilitadas atender\u00e1n por ventanilla solo a los <strong>jubilados y pensionados con documentos terminados en 6 y 7 y cuyos haberes SUPEREN la suma de $18.952<\/strong>.<\/p>\n<p>En este sentido, si bien estas personas no tienen que solicitar turno previo para cobrar este beneficio,\u00a0<strong>deben acercarse a la sucursal bancaria \u00fanicamente en la fecha asignada<\/strong>. Cabe recordar que los haberes permanecer\u00e1n depositados en sus cuentas.<\/p>\n<h4><strong>Prestaci\u00f3n por Desempleo<\/strong><\/h4>\n<p>Hoy cobran la Prestaci\u00f3n por Desempleo las personas cuyos documentos finalizan en\u00a0<strong>4 <\/strong>y<strong> 5<\/strong>.<\/p>\n<h4><strong>Beneficiarios del ATP<\/strong><\/h4>\n<p>Hoy se realiza un nuevo pago correspondiente al periodo de junio del programa de Asistencia de Emergencia al Trabajo y la Producci\u00f3n (ATP) de la AFIP.<\/p>\n<p>Para consultar la fecha de cobro, los trabajadores deben ingresar en la web de la ANSES al aplicativo de consulta <a href=\"https:\/\/servicioscorp.anses.gob.ar\/ATPConsulta\/\" target=\"_blank\" rel=\"noopener noreferrer\" data-saferedirecturl=\"https:\/\/www.google.com\/url?q=https:\/\/servicioscorp.anses.gob.ar\/ATPConsulta\/&amp;source=gmail&amp;ust=1596105751430000&amp;usg=AFQjCNF8XpGfRh_-70tX3YGCXzz2p2bgcw\">servicioscorp.anses.gob.ar\/<wbr \/>ATPConsulta\/<\/a> y colocar su n\u00famero de CUIL. El sistema les confirmar\u00e1 el d\u00eda de acreditaci\u00f3n de sus haberes de junio; caso contrario, se les recomendar\u00e1 consultar al empleador.<\/p>\n<h5><em>F.B.<\/em><\/h5>\n","protected":false},"excerpt":{"rendered":"<p>Desde la Administraci\u00f3n Nacional de la Seguridad Social informaron qu\u00e9 beneficiarios de Jubilaciones, Pensiones, Prestaci\u00f3n por Desempleo y ATP cobrar\u00e1n este &#8230;<\/p>\n","protected":false},"author":8,"featured_media":51700,"comment_status":"open","ping_status":"open","sticky":false,"template":"","format":"standard","meta":{"footnotes":""},"categories":[1],"tags":[],"class_list":["post-73841","post","type-post","status-publish","format-standard","has-post-thumbnail","hentry","category-fmvinas"],"_links":{"self":[{"href":"https:\/\/vinasfm.com\/noticias\/wp-json\/wp\/v2\/posts\/73841","targetHints":{"allow":["GET"]}}],"collection":[{"href":"https:\/\/vinasfm.com\/noticias\/wp-json\/wp\/v2\/posts"}],"about":[{"href":"https:\/\/vinasfm.com\/noticias\/wp-json\/wp\/v2\/types\/post"}],"author":[{"embeddable":true,"href":"https:\/\/vinasfm.com\/noticias\/wp-json\/wp\/v2\/users\/8"}],"replies":[{"embeddable":true,"href":"https:\/\/vinasfm.com\/noticias\/wp-json\/wp\/v2\/comments?post=73841"}],"version-history":[{"count":1,"href":"https:\/\/vinasfm.com\/noticias\/wp-json\/wp\/v2\/posts\/73841\/revisions"}],"predecessor-version":[{"id":73844,"href":"https:\/\/vinasfm.com\/noticias\/wp-json\/wp\/v2\/posts\/73841\/revisions\/73844"}],"wp:featuredmedia":[{"embeddable":true,"href":"https:\/\/vinasfm.com\/noticias\/wp-json\/wp\/v2\/media\/51700"}],"wp:attachment":[{"href":"https:\/\/vinasfm.com\/noticias\/wp-json\/wp\/v2\/media?parent=73841"}],"wp:term":[{"taxonomy":"category","embeddable":true,"href":"https:\/\/vinasfm.com\/noticias\/wp-json\/wp\/v2\/categories?post=73841"},{"taxonomy":"post_tag","embeddable":true,"href":"https:\/\/vinasfm.com\/noticias\/wp-json\/wp\/v2\/tags?post=73841"}],"curies":[{"name":"wp","href":"https:\/\/api.w.org\/{rel}","templated":true}]}}