{"id":73839,"date":"2020-07-29T07:54:24","date_gmt":"2020-07-29T10:54:24","guid":{"rendered":"http:\/\/vinasfm.com\/noticias\/?p=73839"},"modified":"2020-07-29T23:16:39","modified_gmt":"2020-07-30T02:16:39","slug":"ya-es-ley-la-creacion-del-consejo-economico-social-y-ambiental","status":"publish","type":"post","link":"https:\/\/vinasfm.com\/noticias\/ya-es-ley-la-creacion-del-consejo-economico-social-y-ambiental\/","title":{"rendered":"YA ES LEY LA CREACI\u00d3N DEL CONSEJO ECON\u00d3MICO, SOCIAL Y AMBIENTAL"},"content":{"rendered":"<h4><strong>Fue una promesa de campa\u00f1a y un anuncio del discurso del 1\u00ba de Mayo del Gobernador. Prev\u00e9 la participaci\u00f3n de todos los sectores vinculados a la econom\u00eda, el ambiente y lo social como \u00f3rgano de consulta para el Estado mendocino. La iniciativa fue presentada en la Legislatura, para su evaluaci\u00f3n a mediados de mayo.<\/strong><\/h4>\n<p>La C\u00e1mara de Senadores aprob\u00f3 la creaci\u00f3n del Consejo Econ\u00f3mico, Social y Ambiental. Fue una promesa de campa\u00f1a y un anuncio del discurso del 1\u00ba de Mayo del Gobernador. Prev\u00e9 la participaci\u00f3n de todos los sectores vinculados a la econom\u00eda, el ambiente y lo social como \u00f3rgano de consulta para el Estado mendocino. La iniciativa fue presentada en la Legislatura para su evaluaci\u00f3n a mediados de mayo.<\/p>\n<p>Seg\u00fan detalla la iniciativa, el Consejo tendr\u00e1 su sede en la Ciudad de Mendoza y contar\u00e1 con delegaciones en cada oasis productivo. El espacio actuar\u00e1 como entidad consultiva y su vinculaci\u00f3n con el Ejecutivo provincial se dar\u00e1 a trav\u00e9s de los ministerios de Econom\u00eda y Energ\u00eda y de Gobierno, Trabajo y Justicia, con Enrique Vaqui\u00e9 y V\u00edctor Iba\u00f1ez a la cabeza.<\/p>\n<p>En cuanto a funciones, prev\u00e9 la emisi\u00f3n de opiniones no vinculantes, a requerimiento de alguno de los poderes, sobre proyectos de ley a ser sancionados por el Poder Legislativo. Adem\u00e1s, sobre proyectos de decretos a ser dictados por el Ejecutivo, siempre y cuando sean remitidos para su consulta.<\/p>\n<p>Por otro lado, prev\u00e9 la elaboraci\u00f3n de informes, la suscripci\u00f3n de acuerdos de cooperaci\u00f3n con organismos nacionales e internacionales, consultas a organismos especializados, proponer proyectos de impacto ambiental, social y econ\u00f3mico, invitar a funcionarios para expongan ante el plenario o las comisiones y la elaboraci\u00f3n de un informe anual sobre la situaci\u00f3n socioecon\u00f3mica o ambiental de la provincia.<\/p>\n<p><strong>Fuentes de financiamiento<\/strong><\/p>\n<p>Uno de los puntos hace referencia a las fuentes de financiamiento a las que podr\u00e1 acceder la instituci\u00f3n. El texto detalla que el organismo podr\u00e1 recibir partidas presupuestarias por parte del Gobierno de Mendoza, el Gobierno nacional y los municipios. Adem\u00e1s, podr\u00e1 recibir donaciones, subvenciones y aportes de cualquier naturaleza que sean otorgadas por personas o entidades p\u00fablicas y privadas. En todos los casos, seg\u00fan remarca el proyecto, Contadur\u00eda General de la Provincia y el Ministerio de Hacienda dispondr\u00e1n las medidas para su registraci\u00f3n y afectaci\u00f3n en caso que corresponda.<\/p>\n<p><strong>Designaci\u00f3n de autoridades<\/strong><\/p>\n<p>De acuerdo con lo que refleja el texto del proyecto, el Consejo estar\u00e1 integrado por el presidente, que ser\u00e1 propuesto por el Ministerio de Gobierno, Trabajo y Justicia; el vicepresidente, propuesto por el Ministerio de Econom\u00eda y Energ\u00eda, el secretario t\u00e9cnico y miembros representantes.<\/p>\n<p>El vicepresidente sustituir\u00e1 al presidente, en la forma que determine el Reglamento Interno, en los supuestos de vacancia, ausencia o enfermedad, y ejercer\u00e1 las funciones que la reglamentaci\u00f3n expresamente le delegue.<\/p>\n<p>En cuanto a la duraci\u00f3n de los mandatos, el presidente y el vicepresidente del organismo tendr\u00e1n un mandato de dos a\u00f1os renovables por per\u00edodos de igual duraci\u00f3n.<\/p>\n<p>\u201cCada uno de los sectores tiene que proponer cu\u00e1l ser\u00e1 la forma de elecci\u00f3n de quienes lo van a representar en aquellos casos que sea necesario. M\u00e1s all\u00e1 de que existen algunas representaciones en las que simplemente se har\u00e1 la propuesta de la persona, en otros hay que ver cu\u00e1l ser\u00e1 el sistema bajo el cual se elegir\u00e1n\u201d, explico Iba\u00f1ez.<\/p>\n<p>\u201cEsta ley requiere de una reglamentaci\u00f3n por la cantidad de miembros que lo componen, las distintas formas de elecci\u00f3n y los mecanismos que se utilicen para su conformaci\u00f3n\u201d, subray\u00f3 el ministro.<\/p>\n<p>En total ser\u00e1n m\u00e1s de 40 los miembros de la mesa, que ser\u00e1n distribuidos de la siguiente manera:<\/p>\n<ul>\n<li>Poder Ejecutivo: dos representantes.<\/li>\n<li>Poder Legislativo: dos representantes.<\/li>\n<li>Poder Judicial: dos representantes.<\/li>\n<li>Los exgobernadores democr\u00e1ticos que expresen su voluntad de participar.<\/li>\n<li>Asociaciones sindicales de trabajadores: cinco representantes, cuatro representantes del sector privado y un representante del sector p\u00fablico.<\/li>\n<li>Organizaciones empresariales representativas de la industria, del comercio, del sector agr\u00edcola, del turismo, del desarrollo tecnol\u00f3gico, de la construcci\u00f3n, del sector hidrocarbur\u00edfero y del sector minero: ocho representantes, uno por cada sector enunciado.<\/li>\n<li>Departamento General de Irrigaci\u00f3n: un representante del Honorable Tribunal Administrativo.<\/li>\n<\/ul>\n<p><strong>Tribunal Administrativo<\/strong><\/p>\n<ul>\n<li>Inspecciones de Cauce: un representante.<\/li>\n<li>Organizaciones de promoci\u00f3n social y asistencia y del sector de la cultura: tres representantes.<\/li>\n<li>De los distintos credos de la provincia de Mendoza: un representante por la Iglesia Cat\u00f3lica, un representante por el Juda\u00edsmo y un representante por las Iglesias Evang\u00e9licas. La reglamentaci\u00f3n podr\u00e1 prever la incorporaci\u00f3n de representantes de otros credos reconocidos.<\/li>\n<li>Organizaciones de defensa de los consumidores: un representante.<\/li>\n<li>Econom\u00eda social: un representante.<\/li>\n<li>Asociaciones o fundaciones dedicadas a la protecci\u00f3n del medio ambiente: tres representantes.<\/li>\n<li>Universidades p\u00fablicas: un representante de la Universidad Nacional de Cuyo, un representante de la Universidad Tecnol\u00f3gica Nacional.<\/li>\n<li>Universidades privadas: dos representantes.<\/li>\n<li>Centro Cient\u00edfico Tecnol\u00f3gico Conicet Mendoza: un representante.<\/li>\n<li>Agencia de Ciencia, Innovaci\u00f3n y Tecnolog\u00eda a crearse: un representante.<\/li>\n<li>Cada uno de los colegios profesionales reconocidos por ley de la provincia de Mendoza: un representante.<\/li>\n<\/ul>\n<p>Los intendentes departamentales o los representantes que estos designen.<\/p>\n<h5><strong><em>A.C.<\/em><\/strong><\/h5>\n","protected":false},"excerpt":{"rendered":"<p>Fue una promesa de campa\u00f1a y un anuncio del discurso del 1\u00ba de Mayo del Gobernador. Prev\u00e9 la participaci\u00f3n de todos &#8230;<\/p>\n","protected":false},"author":7,"featured_media":73017,"comment_status":"open","ping_status":"open","sticky":false,"template":"","format":"standard","meta":{"footnotes":""},"categories":[5,43],"tags":[],"class_list":["post-73839","post","type-post","status-publish","format-standard","has-post-thumbnail","hentry","category-actualidad","category-legislatura"],"_links":{"self":[{"href":"https:\/\/vinasfm.com\/noticias\/wp-json\/wp\/v2\/posts\/73839","targetHints":{"allow":["GET"]}}],"collection":[{"href":"https:\/\/vinasfm.com\/noticias\/wp-json\/wp\/v2\/posts"}],"about":[{"href":"https:\/\/vinasfm.com\/noticias\/wp-json\/wp\/v2\/types\/post"}],"author":[{"embeddable":true,"href":"https:\/\/vinasfm.com\/noticias\/wp-json\/wp\/v2\/users\/7"}],"replies":[{"embeddable":true,"href":"https:\/\/vinasfm.com\/noticias\/wp-json\/wp\/v2\/comments?post=73839"}],"version-history":[{"count":1,"href":"https:\/\/vinasfm.com\/noticias\/wp-json\/wp\/v2\/posts\/73839\/revisions"}],"predecessor-version":[{"id":73842,"href":"https:\/\/vinasfm.com\/noticias\/wp-json\/wp\/v2\/posts\/73839\/revisions\/73842"}],"wp:featuredmedia":[{"embeddable":true,"href":"https:\/\/vinasfm.com\/noticias\/wp-json\/wp\/v2\/media\/73017"}],"wp:attachment":[{"href":"https:\/\/vinasfm.com\/noticias\/wp-json\/wp\/v2\/media?parent=73839"}],"wp:term":[{"taxonomy":"category","embeddable":true,"href":"https:\/\/vinasfm.com\/noticias\/wp-json\/wp\/v2\/categories?post=73839"},{"taxonomy":"post_tag","embeddable":true,"href":"https:\/\/vinasfm.com\/noticias\/wp-json\/wp\/v2\/tags?post=73839"}],"curies":[{"name":"wp","href":"https:\/\/api.w.org\/{rel}","templated":true}]}}