{"id":73772,"date":"2020-07-28T07:58:15","date_gmt":"2020-07-28T10:58:15","guid":{"rendered":"http:\/\/vinasfm.com\/noticias\/?p=73772"},"modified":"2020-07-28T11:55:58","modified_gmt":"2020-07-28T14:55:58","slug":"la-dge-advirtio-que-los-docentes-que-se-sumen-al-paro-virtual-convocado-por-el-sute-perderan-el-10-del-sueldo","status":"publish","type":"post","link":"https:\/\/vinasfm.com\/noticias\/la-dge-advirtio-que-los-docentes-que-se-sumen-al-paro-virtual-convocado-por-el-sute-perderan-el-10-del-sueldo\/","title":{"rendered":"LA DGE ADVIRTI\u00d3 QUE LOS DOCENTES QUE SE SUMEN AL PARO VIRTUAL CONVOCADO POR EL SUTE PERDER\u00c1N EL 10% DEL SUELDO"},"content":{"rendered":"<h4><strong>Tras el parate por las vacaciones de invierno, este lunes reiniciaron las clases virtuales en Mendoza. En este contexto desde la Direcci\u00f3n General de Escuelas ratificaron la vigencia del \u00cdtem Aula.<\/strong><\/h4>\n<p>\u201cNo hace falta ninguna adaptaci\u00f3n, sigue igual que siempre, la diferencia es c\u00f3mo se determina si el docente est\u00e1 presente o no\u201d, detallaron desde el gobierno escolar.<\/p>\n<p>Sin embargo desde el SUTE, gremio que representa a los docentes, hab\u00edan solicitado la apertura de paritarias y hab\u00edan convocado a un paro virtual entre ayer y hoy.<\/p>\n<p>Debido a esto la DGE advirti\u00f3 que quienes se sumen al paro virtual perder\u00e1n el \u00cdtem Aula. Este \u00edtem, que se aplica en Mendoza desde 2016, representa el 10% del salario y el docente lo pierde si falta a la escuela tres veces en un mes, o 10 veces en el a\u00f1o.<\/p>\n<p>Ante esto, y pese a la convocatoria del SUTE, el presentismo docente ayer alcanz\u00f3 el 99%.<\/p>\n<h5><strong><em>A.C.<\/em><\/strong><\/h5>\n","protected":false},"excerpt":{"rendered":"<p>Tras el parate por las vacaciones de invierno, este lunes reiniciaron las clases virtuales en Mendoza. En este contexto desde la &#8230;<\/p>\n","protected":false},"author":7,"featured_media":66241,"comment_status":"open","ping_status":"open","sticky":false,"template":"","format":"standard","meta":{"footnotes":""},"categories":[5,18],"tags":[],"class_list":["post-73772","post","type-post","status-publish","format-standard","has-post-thumbnail","hentry","category-actualidad","category-educacion"],"_links":{"self":[{"href":"https:\/\/vinasfm.com\/noticias\/wp-json\/wp\/v2\/posts\/73772","targetHints":{"allow":["GET"]}}],"collection":[{"href":"https:\/\/vinasfm.com\/noticias\/wp-json\/wp\/v2\/posts"}],"about":[{"href":"https:\/\/vinasfm.com\/noticias\/wp-json\/wp\/v2\/types\/post"}],"author":[{"embeddable":true,"href":"https:\/\/vinasfm.com\/noticias\/wp-json\/wp\/v2\/users\/7"}],"replies":[{"embeddable":true,"href":"https:\/\/vinasfm.com\/noticias\/wp-json\/wp\/v2\/comments?post=73772"}],"version-history":[{"count":1,"href":"https:\/\/vinasfm.com\/noticias\/wp-json\/wp\/v2\/posts\/73772\/revisions"}],"predecessor-version":[{"id":73773,"href":"https:\/\/vinasfm.com\/noticias\/wp-json\/wp\/v2\/posts\/73772\/revisions\/73773"}],"wp:featuredmedia":[{"embeddable":true,"href":"https:\/\/vinasfm.com\/noticias\/wp-json\/wp\/v2\/media\/66241"}],"wp:attachment":[{"href":"https:\/\/vinasfm.com\/noticias\/wp-json\/wp\/v2\/media?parent=73772"}],"wp:term":[{"taxonomy":"category","embeddable":true,"href":"https:\/\/vinasfm.com\/noticias\/wp-json\/wp\/v2\/categories?post=73772"},{"taxonomy":"post_tag","embeddable":true,"href":"https:\/\/vinasfm.com\/noticias\/wp-json\/wp\/v2\/tags?post=73772"}],"curies":[{"name":"wp","href":"https:\/\/api.w.org\/{rel}","templated":true}]}}