{"id":73717,"date":"2020-07-27T06:10:51","date_gmt":"2020-07-27T09:10:51","guid":{"rendered":"http:\/\/vinasfm.com\/noticias\/?p=73717"},"modified":"2020-07-28T11:57:22","modified_gmt":"2020-07-28T14:57:22","slug":"la-justicia-investiga-el-macabro-hallazgo-de-un-abuelo-incinerado-en-villa-atuel","status":"publish","type":"post","link":"https:\/\/vinasfm.com\/noticias\/la-justicia-investiga-el-macabro-hallazgo-de-un-abuelo-incinerado-en-villa-atuel\/","title":{"rendered":"LA JUSTICIA INVESTIGA EL MACABRO HALLAZGO DE UN ABUELO INCINERADO EN VILLA ATUEL"},"content":{"rendered":"<h4><strong>El escalofriante hallazgo de un hombre incinerado en su vivienda donde funcionan hornos de ladrillo en el paraje La Izuelina-Villa Atuel- cerca de las 17:00h de este domingo, ha generado conmoci\u00f3n en el sur provincial y varias hip\u00f3tesis entre los investigadores del hecho.<\/strong><\/h4>\n<p><span style=\"line-height: 24px;\">Al arribar personal policial a la <strong>vivienda ubicada en Ruta 143<\/strong>, gracias a un llamado al <strong>911<\/strong>, observaron la puerta de ingreso completamente da\u00f1ada, desorden del mobiliario y <strong>en el dormitorio al hombre sin signos vitales<\/strong>.\u00a0<\/span><\/p>\n<p>Se trata de <strong><em>F\u00e9lix Vald\u00e9z<\/em> <\/strong>(<strong><em>65<\/em><\/strong>),<strong>\u00a0encontrado<\/strong> <strong>completamente calcinado sobre su cama\u00a0<\/strong>y, de acuerdo a los primeros peritos, <strong>revistiendo varios golpes<\/strong>.<\/p>\n<p>En un primer momento <strong>se sospech\u00f3 que se trataba de un siniestro<\/strong> pero luego, <strong>cerca de las 22:00h<\/strong> y por varios indicios, <strong>confirmaron que el hecho sucedi\u00f3 en el contexto de un robo<\/strong>.<\/p>\n<p>Como primera medida,\u00a0<strong>la Justicia autoriz\u00f3 dos medidas de allanamiento<\/strong>, en la que la <strong>Brigada de Investigaciones<\/strong> aprehendi\u00f3 en <strong>Colonia L\u00f3pez<\/strong> al principal sospechoso conocido como \u00ab<strong><em>el chaque\u00f1o<\/em><\/strong>\u00bb (<strong><em>27<\/em><\/strong>) y <strong>secuestraron elementos probatorios para la causa<\/strong>.<\/p>\n<p>Seg\u00fan trascendi\u00f3, <strong>la entradera se produjo d\u00edas atr\u00e1s<\/strong> en la que al menos dos delincuentes lo atacaron<span style=\"line-height: 24px;\">\u00a0esgrimiendo<strong>\u00a0un arma blanca<\/strong><\/span><span style=\"line-height: 1.5;\">. Seguidamente <strong>se apoderaron de varios elementos de valor<\/strong>. De acuerdo a fuentes policiales, <em><strong>el incendio fue producido para esconder el primer il\u00edcito<\/strong><\/em>.<\/span><\/p>\n<p>La <strong>Unidad Fiscal de Comisar\u00eda 26\u00aa<\/strong> instruye la causa que est\u00e1 caratulada como \u00ab<em><strong>Averiguaci\u00f3n Homicidio Agravado<\/strong><\/em>\u00ab.<\/p>\n<p>Otro dato extraoficial que suma a la investigaci\u00f3n es que <em>Vald\u00e9s y \u00abel chaque\u00f1o\u00bb sosten\u00edan una disputa que d\u00edas atr\u00e1s los hab\u00eda enfrentado y desde la cual se hab\u00edan amenazado mutuamente<\/em>.<\/p>\n<h5><em>\u2022F.B. ( Redacci\u00f3n F.M. Vi\u00f1as).<\/em><\/h5>\n","protected":false},"excerpt":{"rendered":"<p>El escalofriante hallazgo de un hombre incinerado en su vivienda donde funcionan hornos de ladrillo en el paraje La Izuelina-Villa Atuel- &#8230;<\/p>\n","protected":false},"author":8,"featured_media":219,"comment_status":"open","ping_status":"open","sticky":false,"template":"","format":"standard","meta":{"footnotes":""},"categories":[5,4],"tags":[],"class_list":["post-73717","post","type-post","status-publish","format-standard","has-post-thumbnail","hentry","category-actualidad","category-policiales"],"_links":{"self":[{"href":"https:\/\/vinasfm.com\/noticias\/wp-json\/wp\/v2\/posts\/73717","targetHints":{"allow":["GET"]}}],"collection":[{"href":"https:\/\/vinasfm.com\/noticias\/wp-json\/wp\/v2\/posts"}],"about":[{"href":"https:\/\/vinasfm.com\/noticias\/wp-json\/wp\/v2\/types\/post"}],"author":[{"embeddable":true,"href":"https:\/\/vinasfm.com\/noticias\/wp-json\/wp\/v2\/users\/8"}],"replies":[{"embeddable":true,"href":"https:\/\/vinasfm.com\/noticias\/wp-json\/wp\/v2\/comments?post=73717"}],"version-history":[{"count":2,"href":"https:\/\/vinasfm.com\/noticias\/wp-json\/wp\/v2\/posts\/73717\/revisions"}],"predecessor-version":[{"id":73745,"href":"https:\/\/vinasfm.com\/noticias\/wp-json\/wp\/v2\/posts\/73717\/revisions\/73745"}],"wp:featuredmedia":[{"embeddable":true,"href":"https:\/\/vinasfm.com\/noticias\/wp-json\/wp\/v2\/media\/219"}],"wp:attachment":[{"href":"https:\/\/vinasfm.com\/noticias\/wp-json\/wp\/v2\/media?parent=73717"}],"wp:term":[{"taxonomy":"category","embeddable":true,"href":"https:\/\/vinasfm.com\/noticias\/wp-json\/wp\/v2\/categories?post=73717"},{"taxonomy":"post_tag","embeddable":true,"href":"https:\/\/vinasfm.com\/noticias\/wp-json\/wp\/v2\/tags?post=73717"}],"curies":[{"name":"wp","href":"https:\/\/api.w.org\/{rel}","templated":true}]}}