{"id":73626,"date":"2020-07-24T10:14:53","date_gmt":"2020-07-24T13:14:53","guid":{"rendered":"http:\/\/vinasfm.com\/noticias\/?p=73626"},"modified":"2020-07-27T11:24:05","modified_gmt":"2020-07-27T14:24:05","slug":"federal-de-ajedrez-por-equipos-alvear-logro-el-primer-ascenso","status":"publish","type":"post","link":"https:\/\/vinasfm.com\/noticias\/federal-de-ajedrez-por-equipos-alvear-logro-el-primer-ascenso\/","title":{"rendered":"FEDERAL DE AJEDREZ POR EQUIPOS: ALVEAR LOGR\u00d3 EL PRIMER ASCENSO"},"content":{"rendered":"<h4 style=\"font-weight: 400;\"><strong>El Equipo Alvearense de Ajedrez compuesto por sus principales exponentes logr\u00f3 ascender de categor\u00eda tras conseguir un sufrido 4\u00ba puesto en la \u00abChessCovid\u00bb.<\/strong><\/h4>\n<p><a href=\"http:\/\/vinasfm.com\/noticias\/wp-content\/uploads\/2020\/07\/zonak.jpg\"><img loading=\"lazy\" decoding=\"async\" class=\" wp-image-73628 alignleft\" src=\"http:\/\/vinasfm.com\/noticias\/wp-content\/uploads\/2020\/07\/zonak-116x300.jpg\" alt=\"\" width=\"189\" height=\"489\" srcset=\"https:\/\/vinasfm.com\/noticias\/wp-content\/uploads\/2020\/07\/zonak-116x300.jpg 116w, https:\/\/vinasfm.com\/noticias\/wp-content\/uploads\/2020\/07\/zonak.jpg 124w\" sizes=\"auto, (max-width: 189px) 100vw, 189px\" \/><\/a><\/p>\n<p style=\"font-weight: 400;\">El torneo forma parte de la Liga \u201c<strong><em>ChessCovid<\/em><\/strong>\u201d, organizada por el reconocido \u00e1rbitro Internacional Marcelo Hermida, y se llev\u00f3 a cabo de manera on line este mi\u00e9rcoles 22.<\/p>\n<p style=\"font-weight: 400;\">De la zona \u201cK\u201d, donde particip\u00f3 el elenco departamental, formaron parte adem\u00e1s, elencos de Buenos Aires, Mendoza y C\u00f3rdoba, logrando los 4 primeros, el ascenso a la Zona \u201cJ\u201d, que se llevar\u00e1 a cabo el mi\u00e9rcoles 29.<\/p>\n<p style=\"font-weight: 400;\">La gran figura de los alvearenses fue <strong>\u201cJuanjo\u201d Rubio<\/strong>, que junto a <strong>Roberto Ru\u00edz<\/strong> y <strong>Roc\u00edo Barros,<\/strong> fueron los alvearenses que mayor puntaje obtuvieron.<\/p>\n<p style=\"font-weight: 400;\">Adem\u00e1s, participaron Santiago S\u00e1nchez Laplace, Sebasti\u00e1n Garay, Cristian Orozco, Sebasti\u00e1n Lieby, Juan Ignacio Ru\u00edz, Camilo Lieby, Leandro Demonte, Abril Lucero, N\u00e9stor Martini y Juan Sebasti\u00e1n Lieby.<\/p>\n<p style=\"font-weight: 400;\"><b><strong>\u00a0<\/strong><\/b><b><strong>Posiciones Finales \u2013 Zona \u201cK\u201d ChessCovid\u201d:<\/strong><\/b><\/p>\n<p style=\"font-weight: 400;\"><b><strong>1\u00ba\u00a0<\/strong><\/b>Club Zugzwang (Buenos Aires)<b><strong>\u00a0168 Pts<\/strong><\/b><\/p>\n<p style=\"font-weight: 400;\"><b><strong>2\u00ba\u00a0<\/strong><\/b>Club Sarmiento de Villa Mar\u00eda (C\u00f3rdoba)<b><strong>\u00a0162 Pts<\/strong><\/b><\/p>\n<p style=\"font-weight: 400;\"><b><strong>3\u00ba\u00a0<\/strong><\/b>Liga Austral Ushuaia (Tierra del Fuego)<b><strong>\u00a0138 Pts<\/strong><\/b><\/p>\n<p style=\"font-weight: 400;\"><b><strong>4\u00ba Agrupaci\u00f3n Alvearense de Ajedrez (Gral. Alvear) 123 Pts<\/strong><\/b><\/p>\n<p style=\"font-weight: 400;\"><b><strong>5\u00ba\u00a0<\/strong><\/b>Club Argentino (Buenos Aires)<b><strong>\u00a0118 Pts<\/strong><\/b><\/p>\n<p style=\"font-weight: 400;\"><b><strong>6\u00ba\u00a0<\/strong><\/b>ACYB CIDAM (Mendoza)<b><strong>\u00a0115 Pts<\/strong><\/b><\/p>\n<p style=\"font-weight: 400;\"><b><strong>7\u00ba\u00a0<\/strong><\/b>Club de Ajedrez Mendoza (Mendoza)<b><strong>\u00a0106 Pts<\/strong><\/b><\/p>\n<p style=\"font-weight: 400;\"><b><strong>8\u00ba\u00a0<\/strong><\/b>R\u00edo IV Team (C\u00f3rdoba)<b><strong>\u00a0100 Pts<\/strong><\/b><\/p>\n<h5><em>\u2022F.B.<\/em><\/h5>\n","protected":false},"excerpt":{"rendered":"<p>El Equipo Alvearense de Ajedrez compuesto por sus principales exponentes logr\u00f3 ascender de categor\u00eda tras conseguir un sufrido 4\u00ba puesto en &#8230;<\/p>\n","protected":false},"author":8,"featured_media":73627,"comment_status":"open","ping_status":"open","sticky":false,"template":"","format":"standard","meta":{"footnotes":""},"categories":[5,3],"tags":[],"class_list":["post-73626","post","type-post","status-publish","format-standard","has-post-thumbnail","hentry","category-actualidad","category-deportes"],"_links":{"self":[{"href":"https:\/\/vinasfm.com\/noticias\/wp-json\/wp\/v2\/posts\/73626","targetHints":{"allow":["GET"]}}],"collection":[{"href":"https:\/\/vinasfm.com\/noticias\/wp-json\/wp\/v2\/posts"}],"about":[{"href":"https:\/\/vinasfm.com\/noticias\/wp-json\/wp\/v2\/types\/post"}],"author":[{"embeddable":true,"href":"https:\/\/vinasfm.com\/noticias\/wp-json\/wp\/v2\/users\/8"}],"replies":[{"embeddable":true,"href":"https:\/\/vinasfm.com\/noticias\/wp-json\/wp\/v2\/comments?post=73626"}],"version-history":[{"count":1,"href":"https:\/\/vinasfm.com\/noticias\/wp-json\/wp\/v2\/posts\/73626\/revisions"}],"predecessor-version":[{"id":73630,"href":"https:\/\/vinasfm.com\/noticias\/wp-json\/wp\/v2\/posts\/73626\/revisions\/73630"}],"wp:featuredmedia":[{"embeddable":true,"href":"https:\/\/vinasfm.com\/noticias\/wp-json\/wp\/v2\/media\/73627"}],"wp:attachment":[{"href":"https:\/\/vinasfm.com\/noticias\/wp-json\/wp\/v2\/media?parent=73626"}],"wp:term":[{"taxonomy":"category","embeddable":true,"href":"https:\/\/vinasfm.com\/noticias\/wp-json\/wp\/v2\/categories?post=73626"},{"taxonomy":"post_tag","embeddable":true,"href":"https:\/\/vinasfm.com\/noticias\/wp-json\/wp\/v2\/tags?post=73626"}],"curies":[{"name":"wp","href":"https:\/\/api.w.org\/{rel}","templated":true}]}}