{"id":73621,"date":"2020-07-24T08:37:53","date_gmt":"2020-07-24T11:37:53","guid":{"rendered":"http:\/\/vinasfm.com\/noticias\/?p=73621"},"modified":"2020-07-27T11:23:40","modified_gmt":"2020-07-27T14:23:40","slug":"el-gobierno-asistira-a-productores-de-manzanas-y-peras-en-mendoza","status":"publish","type":"post","link":"https:\/\/vinasfm.com\/noticias\/el-gobierno-asistira-a-productores-de-manzanas-y-peras-en-mendoza\/","title":{"rendered":"EL GOBIERNO ASISTIR\u00c1 A PRODUCTORES DE MANZANAS Y PERAS EN MENDOZA"},"content":{"rendered":"<h4><strong>El Gobierno nacional comunic\u00f3, a trav\u00e9s de un decreto (615\/2020), que\u00a0asistir\u00e1 a\u00a0productores de peras y manzanas de Neuqu\u00e9n, R\u00edo Negro, Mendoza, San Juan y La Pampa.<\/strong><\/h4>\n<p>Cre\u00f3 el\u00a0<strong>Programa de Asistencia de Emergencia Econ\u00f3mica, Productiva, Financiera y Social<\/strong>, con el objetivo de proteger a peque\u00f1os y medianos productores, estimulando su actividad.<\/p>\n<p><strong>El programa est\u00e1 enfocado en la ayuda a productores, empacadores, comercializadores, industrializadores y frigor\u00edficos<\/strong>, en el marco de las medidas que lleva adelante la Naci\u00f3n para morigerar el impacto econ\u00f3mico de la pandemia de coronavirus.<\/p>\n<p>La iniciativa, publicada en el Bolet\u00edn Oficial, bajo el decreto 615\/2020,\u00a0<strong>prev\u00e9 la postergaci\u00f3n de los vencimientos generales para el pago de obligaciones<\/strong>\u00a0de la seguridad social que operen hasta el 31 de diciembre de 2020.<\/p>\n<p>Tambi\u00e9n establece la\u00a0<strong>suspensi\u00f3n de la iniciaci\u00f3n de juicios de ejecuci\u00f3n fiscal\u00a0<\/strong>a cargo de la Administraci\u00f3n Federal de Ingresos P\u00fablicos (AFIP), del 3 de junio de 2020.<\/p>\n<p>Para poder inscribirse al programa, los interesados deber\u00e1n acreditar una certificaci\u00f3n de la autoridad provincial, y legitimar que la actividad gener\u00f3 durante el a\u00f1o fiscal m\u00e1s del 50% de los ingresos brutos totales de la empresa.<\/p>\n<h5><strong><em>Fuente: El Ciudadano \/ A.C.<\/em><\/strong><\/h5>\n","protected":false},"excerpt":{"rendered":"<p>El Gobierno nacional comunic\u00f3, a trav\u00e9s de un decreto (615\/2020), que\u00a0asistir\u00e1 a\u00a0productores de peras y manzanas de Neuqu\u00e9n, R\u00edo Negro, Mendoza, &#8230;<\/p>\n","protected":false},"author":7,"featured_media":48769,"comment_status":"open","ping_status":"open","sticky":false,"template":"","format":"standard","meta":{"footnotes":""},"categories":[5,14],"tags":[],"class_list":["post-73621","post","type-post","status-publish","format-standard","has-post-thumbnail","hentry","category-actualidad","category-agro"],"_links":{"self":[{"href":"https:\/\/vinasfm.com\/noticias\/wp-json\/wp\/v2\/posts\/73621","targetHints":{"allow":["GET"]}}],"collection":[{"href":"https:\/\/vinasfm.com\/noticias\/wp-json\/wp\/v2\/posts"}],"about":[{"href":"https:\/\/vinasfm.com\/noticias\/wp-json\/wp\/v2\/types\/post"}],"author":[{"embeddable":true,"href":"https:\/\/vinasfm.com\/noticias\/wp-json\/wp\/v2\/users\/7"}],"replies":[{"embeddable":true,"href":"https:\/\/vinasfm.com\/noticias\/wp-json\/wp\/v2\/comments?post=73621"}],"version-history":[{"count":1,"href":"https:\/\/vinasfm.com\/noticias\/wp-json\/wp\/v2\/posts\/73621\/revisions"}],"predecessor-version":[{"id":73622,"href":"https:\/\/vinasfm.com\/noticias\/wp-json\/wp\/v2\/posts\/73621\/revisions\/73622"}],"wp:featuredmedia":[{"embeddable":true,"href":"https:\/\/vinasfm.com\/noticias\/wp-json\/wp\/v2\/media\/48769"}],"wp:attachment":[{"href":"https:\/\/vinasfm.com\/noticias\/wp-json\/wp\/v2\/media?parent=73621"}],"wp:term":[{"taxonomy":"category","embeddable":true,"href":"https:\/\/vinasfm.com\/noticias\/wp-json\/wp\/v2\/categories?post=73621"},{"taxonomy":"post_tag","embeddable":true,"href":"https:\/\/vinasfm.com\/noticias\/wp-json\/wp\/v2\/tags?post=73621"}],"curies":[{"name":"wp","href":"https:\/\/api.w.org\/{rel}","templated":true}]}}