{"id":73608,"date":"2020-07-24T07:59:30","date_gmt":"2020-07-24T10:59:30","guid":{"rendered":"http:\/\/vinasfm.com\/noticias\/?p=73608"},"modified":"2020-07-25T12:14:11","modified_gmt":"2020-07-25T15:14:11","slug":"las-cooperativas-y-asociaciones-podran-realizar-asambleas-virtuales","status":"publish","type":"post","link":"https:\/\/vinasfm.com\/noticias\/las-cooperativas-y-asociaciones-podran-realizar-asambleas-virtuales\/","title":{"rendered":"LAS COOPERATIVAS Y ASOCIACIONES PODR\u00c1N REALIZAR ASAMBLEAS VIRTUALES"},"content":{"rendered":"<h4>As\u00ed lo dispuso el Instituto Nacional de Asociativismo y Econom\u00eda Social\u00a0(Inaes) mediante la Resoluci\u00f3n 358\/2020, a la que Mendoza adhiri\u00f3.<\/h4>\n<div id=\"m_-3407908454533324275ydpdfff9cffyiv2476820323yqtfd05875\">\n<p>La Direcci\u00f3n de Cooperativas de la Provincia, dependiente del Ministerio de Econom\u00eda y Energ\u00eda, comunic\u00f3 la adhesi\u00f3n a la Resoluci\u00f3n 358\/2020 del Instituto Nacional de Asociativismo y Econom\u00eda Social\u00a0(Inaes), que permite a las entidades de la econom\u00eda social la realizaci\u00f3n de asambleas mediante la modalidad a distancia, con la utilizaci\u00f3n de recursos electr\u00f3nicos.<\/p>\n<p>La resoluci\u00f3n destaca que\u00a0\u201cla entidad deber\u00e1 garantizar que el sistema elegido admita la libre accesibilidad a las reuniones de todos los asociados, con pleno ejercicio de sus derechos pol\u00edticos permitidos. La imposibilidad de garantizar el acceso en estas condiciones obstar\u00e1 la realizaci\u00f3n de las asambleas por este medio\u201d.<\/p>\n<p>Por lo tanto, las entidades cooperativas, en la provincia de Mendoza, que cuenten con las disposiciones t\u00e9cnicas necesarias y acrediten cabalmente el cumplimiento de lo dispuesto mediante Resoluci\u00f3n Inaes 358\/2020, podr\u00e1n realizar asambleas mediante la modalidad a distancia, utilizando los recursos electr\u00f3nicos disponibles.<\/p>\n<p>Adem\u00e1s, las asociaciones y cooperativas provinciales cuentan con dos medios electr\u00f3nicos a trav\u00e9s de los cuales podr\u00e1n recibir asesoramiento gratuito y despejar dudas o consultas. Se trata de la app 148 Mendoza y el correo\u00a0<a href=\"mailto:vu148@mendoza.gov.ar\" target=\"_blank\" rel=\"nofollow noopener noreferrer\">vu148@mendoza.gov.ar<\/a>.<\/p>\n<p>\u201cEl objetivo de estos nuevos canales de comunicaci\u00f3n es desalentar los tr\u00e1mites presenciales a la vez que se gana en rapidez y menores costos de transporte\u201d, explic\u00f3 Daniel Dimartino, titular de la Direcci\u00f3n de Cooperativas.<\/p>\n<p>El funcionario resalt\u00f3 la agilidad y rapidez que este tipo de plataformas otorga al ciudadano y coment\u00f3 que hay m\u00e1s de 400 cooperativas activas en Mendoza que ya fueron notificadas v\u00eda correo electr\u00f3nico de la nueva modalidad de contacto que la direcci\u00f3n propone durante este per\u00edodo.<\/p>\n<h4><b>App 148 Mendoza<\/b><\/h4>\n<p>Es una aplicaci\u00f3n m\u00f3vil que otorga m\u00faltiples formas de contactos con el fin de acercar el Estado a los mendocinos y lograr un Gobierno que contribuya a tener una sociedad m\u00e1s activa.<\/p>\n<p>La app 148 Mendoza est\u00e1 disponible en\u00a0<em>Play Store<\/em>. All\u00ed se podr\u00e1 descargar y comenzar a utilizar para consultas, reclamos y solicitudes, que ser\u00e1n respondidos dentro de las 24 horas de enviada la solicitud.<\/p>\n<p>Adem\u00e1s, permite adjuntar fotos para hacer m\u00e1s espec\u00edfica la solicitud y gestionar r\u00e1pidamente. Luego de realizada la consulta, solicitud o reclamo, se asignar\u00e1 un n\u00famero \u00fanico de incidente o\u00a0<em>ticket<\/em>, el cual se podr\u00e1 seguir desde el sitio del Gobierno de Mendoza:\u00a0<a href=\"http:\/\/www.mendoza.gov.ar\/\" target=\"_blank\" rel=\"nofollow noopener noreferrer\">www.mendoza.gov.ar<\/a>\u00a0\/ consultas\/ seguimiento de\u00a0<em>tickets<\/em>\u00a0o incidentes.<\/p>\n<h5><em><strong>A.C.<\/strong><\/em><\/h5>\n<\/div>\n","protected":false},"excerpt":{"rendered":"<p>As\u00ed lo dispuso el Instituto Nacional de Asociativismo y Econom\u00eda Social\u00a0(Inaes) mediante la Resoluci\u00f3n 358\/2020, a la que Mendoza adhiri\u00f3. La &#8230;<\/p>\n","protected":false},"author":7,"featured_media":73611,"comment_status":"open","ping_status":"open","sticky":false,"template":"","format":"standard","meta":{"footnotes":""},"categories":[5],"tags":[],"class_list":["post-73608","post","type-post","status-publish","format-standard","has-post-thumbnail","hentry","category-actualidad"],"_links":{"self":[{"href":"https:\/\/vinasfm.com\/noticias\/wp-json\/wp\/v2\/posts\/73608","targetHints":{"allow":["GET"]}}],"collection":[{"href":"https:\/\/vinasfm.com\/noticias\/wp-json\/wp\/v2\/posts"}],"about":[{"href":"https:\/\/vinasfm.com\/noticias\/wp-json\/wp\/v2\/types\/post"}],"author":[{"embeddable":true,"href":"https:\/\/vinasfm.com\/noticias\/wp-json\/wp\/v2\/users\/7"}],"replies":[{"embeddable":true,"href":"https:\/\/vinasfm.com\/noticias\/wp-json\/wp\/v2\/comments?post=73608"}],"version-history":[{"count":1,"href":"https:\/\/vinasfm.com\/noticias\/wp-json\/wp\/v2\/posts\/73608\/revisions"}],"predecessor-version":[{"id":73612,"href":"https:\/\/vinasfm.com\/noticias\/wp-json\/wp\/v2\/posts\/73608\/revisions\/73612"}],"wp:featuredmedia":[{"embeddable":true,"href":"https:\/\/vinasfm.com\/noticias\/wp-json\/wp\/v2\/media\/73611"}],"wp:attachment":[{"href":"https:\/\/vinasfm.com\/noticias\/wp-json\/wp\/v2\/media?parent=73608"}],"wp:term":[{"taxonomy":"category","embeddable":true,"href":"https:\/\/vinasfm.com\/noticias\/wp-json\/wp\/v2\/categories?post=73608"},{"taxonomy":"post_tag","embeddable":true,"href":"https:\/\/vinasfm.com\/noticias\/wp-json\/wp\/v2\/tags?post=73608"}],"curies":[{"name":"wp","href":"https:\/\/api.w.org\/{rel}","templated":true}]}}