{"id":73524,"date":"2020-07-23T09:53:22","date_gmt":"2020-07-23T12:53:22","guid":{"rendered":"http:\/\/vinasfm.com\/noticias\/?p=73524"},"modified":"2020-07-25T12:15:19","modified_gmt":"2020-07-25T15:15:19","slug":"futbol-local-panorama-incierto-para-la-vuelta-de-la-actividad","status":"publish","type":"post","link":"https:\/\/vinasfm.com\/noticias\/futbol-local-panorama-incierto-para-la-vuelta-de-la-actividad\/","title":{"rendered":"F\u00daTBOL LOCAL: PANORAMA INCIERTO PARA LA VUELTA DE LA ACTIVIDAD"},"content":{"rendered":"<h4><strong>El protocolo que envi\u00f3 AFA para un posible retorno de la actividad, todav\u00eda no ha sido aprobado. El panorama es incierto y seg\u00fan se comenta en las altas esferas del f\u00fatbol nacional, el regreso tardar\u00eda. Primero comenzar\u00edan a tener actividad las primeras ligas y luego el resto de las categor\u00edas.<\/strong><\/h4>\n<p><em>\u201cPor el momento no hay nada\u201d<\/em>, se\u00f1al\u00f3 Julio Lugea, presidente de la Liga Alvearense de F\u00fatbol en di\u00e1logo con F.M. Vi\u00f1as, quien adem\u00e1s coment\u00f3 que mantienen peri\u00f3dicamente charlas con las autoridades de la Liga Sanrafaelina.<\/p>\n<p>El jugar sin p\u00fablico no es viable por los altos costos que tiene, al menos en las ligas inferiores.<\/p>\n<h5><strong><em>A.C.<\/em><\/strong><\/h5>\n","protected":false},"excerpt":{"rendered":"<p>El protocolo que envi\u00f3 AFA para un posible retorno de la actividad, todav\u00eda no ha sido aprobado. El panorama es incierto &#8230;<\/p>\n","protected":false},"author":7,"featured_media":59792,"comment_status":"open","ping_status":"open","sticky":false,"template":"","format":"standard","meta":{"footnotes":""},"categories":[5,3],"tags":[],"class_list":["post-73524","post","type-post","status-publish","format-standard","has-post-thumbnail","hentry","category-actualidad","category-deportes"],"_links":{"self":[{"href":"https:\/\/vinasfm.com\/noticias\/wp-json\/wp\/v2\/posts\/73524","targetHints":{"allow":["GET"]}}],"collection":[{"href":"https:\/\/vinasfm.com\/noticias\/wp-json\/wp\/v2\/posts"}],"about":[{"href":"https:\/\/vinasfm.com\/noticias\/wp-json\/wp\/v2\/types\/post"}],"author":[{"embeddable":true,"href":"https:\/\/vinasfm.com\/noticias\/wp-json\/wp\/v2\/users\/7"}],"replies":[{"embeddable":true,"href":"https:\/\/vinasfm.com\/noticias\/wp-json\/wp\/v2\/comments?post=73524"}],"version-history":[{"count":1,"href":"https:\/\/vinasfm.com\/noticias\/wp-json\/wp\/v2\/posts\/73524\/revisions"}],"predecessor-version":[{"id":73525,"href":"https:\/\/vinasfm.com\/noticias\/wp-json\/wp\/v2\/posts\/73524\/revisions\/73525"}],"wp:featuredmedia":[{"embeddable":true,"href":"https:\/\/vinasfm.com\/noticias\/wp-json\/wp\/v2\/media\/59792"}],"wp:attachment":[{"href":"https:\/\/vinasfm.com\/noticias\/wp-json\/wp\/v2\/media?parent=73524"}],"wp:term":[{"taxonomy":"category","embeddable":true,"href":"https:\/\/vinasfm.com\/noticias\/wp-json\/wp\/v2\/categories?post=73524"},{"taxonomy":"post_tag","embeddable":true,"href":"https:\/\/vinasfm.com\/noticias\/wp-json\/wp\/v2\/tags?post=73524"}],"curies":[{"name":"wp","href":"https:\/\/api.w.org\/{rel}","templated":true}]}}