{"id":73499,"date":"2020-07-23T08:20:49","date_gmt":"2020-07-23T11:20:49","guid":{"rendered":"http:\/\/vinasfm.com\/noticias\/?p=73499"},"modified":"2020-07-25T12:15:25","modified_gmt":"2020-07-25T15:15:25","slug":"camion-despisto-en-ruta-171-y-arrollo-a-un-vehiculo-estacionado","status":"publish","type":"post","link":"https:\/\/vinasfm.com\/noticias\/camion-despisto-en-ruta-171-y-arrollo-a-un-vehiculo-estacionado\/","title":{"rendered":"CAMI\u00d3N DESPIST\u00d3 EN RUTA 171 Y ARROLL\u00d3 A UN VEH\u00cdCULO ESTACIONADO"},"content":{"rendered":"<h4><strong>En horas de la tarde de este mi\u00e9rcoles, una pareja de ancianos se salv\u00f3 milagrosamente de ser v\u00edctima de un brutal accidente que se produjo en Ruta 171.<\/strong><\/h4>\n<p>Ambos se trasladaban sobre su veh\u00edculo\u00a0por la citada ruta, <strong><em>que une Real del Padre con Monte Com\u00e1n<\/em><\/strong>, detuvieron la marcha sobre la banquina y <strong>descendieron a buscar le\u00f1a en el campo lindante<\/strong>. <strong>Segundos despu\u00e9s un cami\u00f3n lo arroll\u00f3 violentamente.<\/strong><\/p>\n<p>Seg\u00fan trascendi\u00f3, <em style=\"font-weight: bold;\">el conductor del transporte<\/em> <strong><em>se habr\u00eda quedado dormido provocando que la movilidad despistara e impactara contra el auto arrastr\u00e1ndolo varios metros hasta el interior del campo<\/em><\/strong>.<\/p>\n<p>Afortunadamente, <strong>solo se registraron da\u00f1os materiales mientras que los tres intervinientes resultaron ilesos<\/strong>. Perplejos por la situaci\u00f3n, personal municipal dispuesto en el control de la ruta acudi\u00f3 a socorrerlos y trasladarlos hasta el Centro de Salud.<\/p>\n<h5><em>\u2022F.B. (F.B. Vi\u00f1as).<\/em><\/h5>\n<p>&nbsp;<\/p>\n","protected":false},"excerpt":{"rendered":"<p>En horas de la tarde de este mi\u00e9rcoles, una pareja de ancianos se salv\u00f3 milagrosamente de ser v\u00edctima de un brutal &#8230;<\/p>\n","protected":false},"author":8,"featured_media":73500,"comment_status":"open","ping_status":"open","sticky":false,"template":"","format":"standard","meta":{"footnotes":""},"categories":[5,4],"tags":[],"class_list":["post-73499","post","type-post","status-publish","format-standard","has-post-thumbnail","hentry","category-actualidad","category-policiales"],"_links":{"self":[{"href":"https:\/\/vinasfm.com\/noticias\/wp-json\/wp\/v2\/posts\/73499","targetHints":{"allow":["GET"]}}],"collection":[{"href":"https:\/\/vinasfm.com\/noticias\/wp-json\/wp\/v2\/posts"}],"about":[{"href":"https:\/\/vinasfm.com\/noticias\/wp-json\/wp\/v2\/types\/post"}],"author":[{"embeddable":true,"href":"https:\/\/vinasfm.com\/noticias\/wp-json\/wp\/v2\/users\/8"}],"replies":[{"embeddable":true,"href":"https:\/\/vinasfm.com\/noticias\/wp-json\/wp\/v2\/comments?post=73499"}],"version-history":[{"count":2,"href":"https:\/\/vinasfm.com\/noticias\/wp-json\/wp\/v2\/posts\/73499\/revisions"}],"predecessor-version":[{"id":73599,"href":"https:\/\/vinasfm.com\/noticias\/wp-json\/wp\/v2\/posts\/73499\/revisions\/73599"}],"wp:featuredmedia":[{"embeddable":true,"href":"https:\/\/vinasfm.com\/noticias\/wp-json\/wp\/v2\/media\/73500"}],"wp:attachment":[{"href":"https:\/\/vinasfm.com\/noticias\/wp-json\/wp\/v2\/media?parent=73499"}],"wp:term":[{"taxonomy":"category","embeddable":true,"href":"https:\/\/vinasfm.com\/noticias\/wp-json\/wp\/v2\/categories?post=73499"},{"taxonomy":"post_tag","embeddable":true,"href":"https:\/\/vinasfm.com\/noticias\/wp-json\/wp\/v2\/tags?post=73499"}],"curies":[{"name":"wp","href":"https:\/\/api.w.org\/{rel}","templated":true}]}}