{"id":73465,"date":"2020-07-23T23:00:21","date_gmt":"2020-07-24T02:00:21","guid":{"rendered":"http:\/\/vinasfm.com\/noticias\/?p=73465"},"modified":"2020-07-25T12:14:24","modified_gmt":"2020-07-25T15:14:24","slug":"alvear-es-uno-de-los-dos-departamentos-sin-casos-confirmados-de-covid-19","status":"publish","type":"post","link":"https:\/\/vinasfm.com\/noticias\/alvear-es-uno-de-los-dos-departamentos-sin-casos-confirmados-de-covid-19\/","title":{"rendered":"ALVEAR ES UNO DE LOS DOS DEPARTAMENTOS SIN CASOS CONFIRMADOS DE COVID-19"},"content":{"rendered":"<h4 class=\"note__epigraph\"><strong>En la provincia se confirm\u00f3 que desde que comenz\u00f3 la pandemia por coronavirus se registraron 660 casos hasta la tarde de este mi\u00e9rcoles. El Gran Mendoza contiene la mayor parte de los casos confirmados de la provincia; Alvear y La Paz son, hasta el momento, las \u00fanicas comunas que no han registrados infectados.<\/strong><\/h4>\n<blockquote><p>De los <strong>660 casos:<\/strong>\u00a0<b>154 personas se recuperaron y 19 fallecieron por lo que contin\u00faan activos 487 casos.<\/b><\/p><\/blockquote>\n<p>En cuanto a la procedencia de los infectados, la gran mayor\u00eda corresponden al Gran Mendoza. En ese sentido\u00a0<strong>el departamento m\u00e1s poblado de la provincia, Guaymall\u00e9n, es tambi\u00e9n el que m\u00e1s casos de coronavirus tiene. <\/strong>Despu\u00e9s est\u00e1n\u00a0<strong>Maip\u00fa y Godoy Cruz con n\u00fameros muy similares.<\/strong><\/p>\n<p>Cabe destacar que desde <strong>hace casi 100 d\u00edas el sur provincial<\/strong>&#8211; Alvear, Malarg\u00fce y San Rafael- <strong>no ha registrado casos positivos<\/strong> por lo que se destacan las medidas aplicadas por las tres comunas para mitigar la propagaci\u00f3n de la pandemia.<\/p>\n<h4><strong>CASOS DE COVID-19 CONFIRMADOS POR DEPARTAMENTO (Informe elaborado hasta el mi\u00e9rcoles 22 de julio)<\/strong><\/h4>\n<ul>\n<li>Maip\u00fa: 112<\/li>\n<li>Godoy Cruz: 115<\/li>\n<li><strong>Guaymall\u00e9n: 143<\/strong><\/li>\n<li>Ciudad: 52 casos<\/li>\n<li>Lavalle: 7 casos<\/li>\n<li>Las Heras: 68 casos<\/li>\n<li>Luj\u00e1n de Cuyo: 90<\/li>\n<li>La Paz: 0 casos<\/li>\n<li>Santa Rosa: 1 caso<\/li>\n<li>Rivadavia: 10 casos<\/li>\n<li>San Mart\u00edn: 18 casos<\/li>\n<li>Jun\u00edn: 6 casos<\/li>\n<li><strong>GENERAL ALVEAR: 0 CASOS<\/strong><\/li>\n<li>San Rafael: 4 casos<\/li>\n<li>Malarg\u00fce: 3 casos<\/li>\n<li>Tunuy\u00e1n: 10 casos<\/li>\n<li>Tupungato: 1 caso<\/li>\n<li>San Carlos: 1 caso<\/li>\n<li>Sin dato: 16<\/li>\n<li>Otro pa\u00eds: 3<\/li>\n<\/ul>\n<p><strong>IMPORTANTE: <em>En el informe no se discriminan los casos recuperados de cada departamento por lo que las cifras contabilizan los registrados desde el comienzo de la pandemia. Por ejemplo: Malarg\u00fce tuvo tres casos positivos pero se recuperaron.<\/em><\/strong><\/p>\n<p>Este reporte, en el que mantiene a Alvear aislado de Coronavirus, no debe ser objeto de celebraci\u00f3n o tranquilidad; por el contrario, <strong>debe comprometernos en cuidarnos entre todos para evitar que el contador se modifique<\/strong>. <strong>No debemos relajarnos ya que hasta el momento el \u00fanico ant\u00eddoto contra el avance del virus es respetar el aislamiento y las medidas establecidas<\/strong>.<\/p>\n<h5><em>\u2022Fernando Burett (F.M. Vi\u00f1as).<\/em><\/h5>\n","protected":false},"excerpt":{"rendered":"<p>En la provincia se confirm\u00f3 que desde que comenz\u00f3 la pandemia por coronavirus se registraron 660 casos hasta la tarde de &#8230;<\/p>\n","protected":false},"author":8,"featured_media":73489,"comment_status":"open","ping_status":"open","sticky":false,"template":"","format":"standard","meta":{"footnotes":""},"categories":[5,62],"tags":[],"class_list":["post-73465","post","type-post","status-publish","format-standard","has-post-thumbnail","hentry","category-actualidad","category-coronavirus"],"_links":{"self":[{"href":"https:\/\/vinasfm.com\/noticias\/wp-json\/wp\/v2\/posts\/73465","targetHints":{"allow":["GET"]}}],"collection":[{"href":"https:\/\/vinasfm.com\/noticias\/wp-json\/wp\/v2\/posts"}],"about":[{"href":"https:\/\/vinasfm.com\/noticias\/wp-json\/wp\/v2\/types\/post"}],"author":[{"embeddable":true,"href":"https:\/\/vinasfm.com\/noticias\/wp-json\/wp\/v2\/users\/8"}],"replies":[{"embeddable":true,"href":"https:\/\/vinasfm.com\/noticias\/wp-json\/wp\/v2\/comments?post=73465"}],"version-history":[{"count":2,"href":"https:\/\/vinasfm.com\/noticias\/wp-json\/wp\/v2\/posts\/73465\/revisions"}],"predecessor-version":[{"id":73469,"href":"https:\/\/vinasfm.com\/noticias\/wp-json\/wp\/v2\/posts\/73465\/revisions\/73469"}],"wp:featuredmedia":[{"embeddable":true,"href":"https:\/\/vinasfm.com\/noticias\/wp-json\/wp\/v2\/media\/73489"}],"wp:attachment":[{"href":"https:\/\/vinasfm.com\/noticias\/wp-json\/wp\/v2\/media?parent=73465"}],"wp:term":[{"taxonomy":"category","embeddable":true,"href":"https:\/\/vinasfm.com\/noticias\/wp-json\/wp\/v2\/categories?post=73465"},{"taxonomy":"post_tag","embeddable":true,"href":"https:\/\/vinasfm.com\/noticias\/wp-json\/wp\/v2\/tags?post=73465"}],"curies":[{"name":"wp","href":"https:\/\/api.w.org\/{rel}","templated":true}]}}