{"id":73370,"date":"2020-07-21T07:49:15","date_gmt":"2020-07-21T10:49:15","guid":{"rendered":"http:\/\/vinasfm.com\/noticias\/?p=73370"},"modified":"2020-07-23T11:44:50","modified_gmt":"2020-07-23T14:44:50","slug":"piden-que-la-pampa-reconozca-los-gastos-de-la-obra-del-acueducto-por-el-que-se-entrega-agua-potable-desde-punta-del-agua","status":"publish","type":"post","link":"https:\/\/vinasfm.com\/noticias\/piden-que-la-pampa-reconozca-los-gastos-de-la-obra-del-acueducto-por-el-que-se-entrega-agua-potable-desde-punta-del-agua\/","title":{"rendered":"PIDEN QUE LA PAMPA \u201cRECONOZCA\u201d LOS GASTOS DE LA OBRA DEL ACUEDUCTO POR EL QUE SE ENTREGA AGUA POTABLE DESDE PUNTA DEL AGUA"},"content":{"rendered":"<h4><strong>El pasado 16 de Julio la Corte Suprema de la Justicia de la Naci\u00f3n, en el marco de la demanda interpuesta en 2014 por la Provincia de La Pampa contra la Provincia de Mendoza por el aprovechamiento y uso de aguas del r\u00edo Atuel, resolvi\u00f3 fijar un caudal m\u00ednimo permanente de 3,2 metros c\u00fabicos por segundo en el l\u00edmite interprovincial.<\/strong><\/h4>\n<p>En este sentido, se debe coordinar un plan de obras para poder llevar el agua del Atuel hasta la vecina provincia sin que se pierda por infiltraci\u00f3n.<\/p>\n<p>\u201cConsiderando, desde la dimensi\u00f3n econ\u00f3mica del problema esto es, los costos de obras requeridas para garantizar el flujo m\u00ednimo de agua hacia la Provincia de La Pampa, es fundamental que la provincia de Mendoza tenga un estimado de las inversiones a afrontar en los pr\u00f3ximos a\u00f1os, as\u00ed como, la distribuci\u00f3n de los costos entre las provincias, los plazos y etapas de realizaci\u00f3n y el correspondiente programa de monitoreo\u201d, explica la iniciativa.<\/p>\n<p>Cabe recordar que la Corte establece que progresivamente, Mendoza deber\u00e1 proveer a La Pampa este flujo m\u00ednimo de escorrent\u00eda. Es decir, que tendremos que afrontar estas inversiones en un corto plazo.<\/p>\n<p>Otro aspecto planteado es que \u201cMendoza ha provisto durante a\u00f1os a las localidades pampeanas de Santa Isabel y Algarrobo del \u00c1guila, aguas surgentes provenientes de la localidad mendocina de Punta de Agua. Esto implic\u00f3 la construcci\u00f3n de un acueducto, su potabilizaci\u00f3n y posterior traspaso en beneficio de localidades pampeanas ubicadas en la Cuenca. Es importante estimar y conocer los costos incurridos con recursos mendocinos para evaluar un eventual resarcimiento de La Pampa a Mendoza\u201d.<\/p>\n<h4><strong>LA PROPUESTA<\/strong><\/h4>\n<p>El proyecto plantea solicitar al Departamento de Irrigaci\u00f3n informes respecto de las inversiones necesarias para abastecer con aguas del r\u00edo Atuel a la provincia de La Pampa en la cantidad de 3,2 metros c\u00fabicos.<\/p>\n<p>Adem\u00e1s solicitar que el DGI informe sobre las inversiones y obras realizadas en la localidad de Punta del Agua, a fin de abastecer de agua a las localidades pampeanas de Santa Isabel y Algarrobo del \u00c1guila.<\/p>\n<p>Finalmente se quiere conocer el listado de obras realizadas, fechas y montos actualizados de cada inversi\u00f3n, que tuvieron por objeto garantizar el uso del agua del r\u00edo Atuel por parte de los regantes de nuestra provincia y la provincia de La Pampa.<\/p>\n<h5><strong><em>Fuente: Diario San Rafael \/ A.C.<\/em><\/strong><\/h5>\n","protected":false},"excerpt":{"rendered":"<p>El pasado 16 de Julio la Corte Suprema de la Justicia de la Naci\u00f3n, en el marco de la demanda interpuesta &#8230;<\/p>\n","protected":false},"author":7,"featured_media":65061,"comment_status":"open","ping_status":"open","sticky":false,"template":"","format":"standard","meta":{"footnotes":""},"categories":[5,54],"tags":[],"class_list":["post-73370","post","type-post","status-publish","format-standard","has-post-thumbnail","hentry","category-actualidad","category-conflicto-con-la-pampa"],"_links":{"self":[{"href":"https:\/\/vinasfm.com\/noticias\/wp-json\/wp\/v2\/posts\/73370","targetHints":{"allow":["GET"]}}],"collection":[{"href":"https:\/\/vinasfm.com\/noticias\/wp-json\/wp\/v2\/posts"}],"about":[{"href":"https:\/\/vinasfm.com\/noticias\/wp-json\/wp\/v2\/types\/post"}],"author":[{"embeddable":true,"href":"https:\/\/vinasfm.com\/noticias\/wp-json\/wp\/v2\/users\/7"}],"replies":[{"embeddable":true,"href":"https:\/\/vinasfm.com\/noticias\/wp-json\/wp\/v2\/comments?post=73370"}],"version-history":[{"count":1,"href":"https:\/\/vinasfm.com\/noticias\/wp-json\/wp\/v2\/posts\/73370\/revisions"}],"predecessor-version":[{"id":73373,"href":"https:\/\/vinasfm.com\/noticias\/wp-json\/wp\/v2\/posts\/73370\/revisions\/73373"}],"wp:featuredmedia":[{"embeddable":true,"href":"https:\/\/vinasfm.com\/noticias\/wp-json\/wp\/v2\/media\/65061"}],"wp:attachment":[{"href":"https:\/\/vinasfm.com\/noticias\/wp-json\/wp\/v2\/media?parent=73370"}],"wp:term":[{"taxonomy":"category","embeddable":true,"href":"https:\/\/vinasfm.com\/noticias\/wp-json\/wp\/v2\/categories?post=73370"},{"taxonomy":"post_tag","embeddable":true,"href":"https:\/\/vinasfm.com\/noticias\/wp-json\/wp\/v2\/tags?post=73370"}],"curies":[{"name":"wp","href":"https:\/\/api.w.org\/{rel}","templated":true}]}}