{"id":73330,"date":"2020-07-21T08:00:31","date_gmt":"2020-07-21T11:00:31","guid":{"rendered":"http:\/\/vinasfm.com\/noticias\/?p=73330"},"modified":"2020-07-23T11:44:18","modified_gmt":"2020-07-23T14:44:18","slug":"comenzo-el-programa-puntos-wifi-gratuito-para-estudiantes","status":"publish","type":"post","link":"https:\/\/vinasfm.com\/noticias\/comenzo-el-programa-puntos-wifi-gratuito-para-estudiantes\/","title":{"rendered":"COMENZ\u00d3 EL PROGRAMA &#8216;PUNTOS WIFI GRATUITO PARA ESTUDIANTES&#8217;"},"content":{"rendered":"<h4><strong>En conferencia de prensa, la Directora de Educaci\u00f3n Roxana Molero, comunic\u00f3 la puesta en funcionamiento de un nuevo programa que beneficia a los pap\u00e1s de alumnos de educaci\u00f3n primaria para que puedan imprimir las tareas de sus ni\u00f1os en cinco lugares estrat\u00e9gicos del Departamento.<\/strong><\/h4>\n<p>Los puntos WiFi gratuitos para estudiantes son el Centro Tecnol\u00f3gico Comunitario -CTC- en Ciudad, el Merendero Circunvalaci\u00f3n, el Jard\u00edn Maternal Castillito de mis sue\u00f1os de Alvear Oeste, el Jard\u00edn maternal Luna de Papel de Carmensa y Tecno Sum de Bowen. Cabe aclarar que este Programa es posible gracias a la Direcci\u00f3n General de Escuelas, al Gobierno Provincial y al Municipio.<\/p>\n<p>\u201c<strong><em>Pueden venir los pap\u00e1s con un pen drive con la tarea que deben imprimir, puede solicitar turno previo a los tel\u00e9fonos de la Direcci\u00f3n de Educaci\u00f3n, tambi\u00e9n pueden enviar la tarea por whatsapp a los tel\u00e9fonos de la direcci\u00f3n 2625 43-4599; 2625 59-1598; 2625 67-6392 para realizaarles la impresi\u00f3n de las tareas. Es para destacar que en cada centro wifi disponible cuenta con todo el protocolo sanitario activado<\/em><\/strong>\u201d, detall\u00f3 Roxana Molero.<\/p>\n<h4 style=\"text-align: center;\"><strong>LUGARES DE CONECTIVIDAD\u00a0<\/strong><\/h4>\n<div><strong>MERENDERO CIRCUNVALACI\u00d3N\u00a0<\/strong><\/div>\n<ul>\n<li>Lunes de ma\u00f1ana DNI terminados en 1, 2, 3, 4, 5 alumnos que asisten a 4\u00b0,5\u00b0, 6\u00b0, 7\u00b0 grado.<\/li>\n<li>Lunes de tarde DNI terminados en 1, 2, 3, 4, 5 alumnos que asisten a 1\u00b0, 2\u00b0, 3\u00b0 grado.<\/li>\n<li>Jueves de ma\u00f1ana DNI\u00a0 terminados en 6, 7, 8, 9, 0 alumnos que asisten a 4\u00b0,5\u00b0, 6\u00b0, 7\u00b0 grado.<\/li>\n<li>Jueves de tarde DNI terminados en 6, 7, 8, 9,0 alumnos que asisten a 1\u00b0, 2\u00b0, 3\u00b0 grado.<\/li>\n<\/ul>\n<div><strong>JARD\u00cdN MATERNAL 194 \u201cLUNA DE PAPEL\u201d \u2013 SAN PEDRO DEL ATUEL<\/strong><\/div>\n<ul>\n<li>Lunes de ma\u00f1ana DNI terminados en 1, 2, 3, 4, 5<\/li>\n<li>Jueves de ma\u00f1ana DNI terminados en 6, 7, 8, 9, 0<\/li>\n<\/ul>\n<div><strong>JARD\u00cdN MATERNAL 301 \u201cCASTILLITO DE MIS SUE\u00d1OS\u201d \u2013 ALVEAR OESTE\u00a0<\/strong><\/div>\n<ul>\n<li>Lunes de ma\u00f1ana DNI terminados en 1, 2, 3, 4, 5 alumnos que asisten a 4\u00b0,5\u00b0, 6\u00b0, 7\u00ba grado.<\/li>\n<li>Lunes de tarde DNI terminados en 1, 2, 3, 4, 5\u00a0 alumnos que asisten a 1\u00b0, 2\u00b0, 3\u00b0 grado.<\/li>\n<li>Jueves de ma\u00f1ana DNI terminados en 6, 7, 8, 9, 0 alumnos que asisten a 4\u00b0, 5\u00b0, 6\u00b0, 7\u00b0 grado.<\/li>\n<li>Jueves de tarde DNI terminados en 6, 7, 8, 9, 0 alumnos que asisten a 1\u00b0, 2\u00b0, 3\u00b0 grado.<\/li>\n<\/ul>\n<div><strong>CENTRO TECNOL\u00d3GICO COMUNITARIO \u2013 CIUDAD\u00a0<\/strong><\/div>\n<ul>\n<li>Lunes de ma\u00f1ana DNI terminados en 1, 2, 3, 4, 5 alumnos que asisten a 4\u00b0, 5\u00b0,\u00a0 6\u00b0,\u00a0 7\u00b0 grado.<\/li>\n<li>Lunes de tarde DNI terminados en 1, 2, 3, 4, 5 alumnos que asisten a 1\u00b0, 2\u00b0, 3\u00b0 grado.<\/li>\n<li>Jueves de ma\u00f1ana DNI terminados en 6, 7, 8, 9, 0 alumnos que asisten a 4\u00b0, 5\u00b0, 6\u00b0, 7\u00b0 grado.<\/li>\n<li>Jueves de tarde DNI terminados en 6, 7, 8, 9,0 alumnos que asisten a 1\u00b0, 2\u00b0, 3\u00b0 grado.<\/li>\n<\/ul>\n<div><strong>TECNO SUM \u2013\u00a0 BOWEN<\/strong><\/div>\n<ul>\n<li>Lunes de ma\u00f1ana DNI terminados en 1, 2, 3, 4, 5<\/li>\n<li>Jueves de ma\u00f1ana DNI terminados en 6, 7, 8, 9, 0<\/li>\n<\/ul>\n<h5><em>\u2022F.B. (F.M. Vi\u00f1as).<\/em><\/h5>\n","protected":false},"excerpt":{"rendered":"<p>En conferencia de prensa, la Directora de Educaci\u00f3n Roxana Molero, comunic\u00f3 la puesta en funcionamiento de un nuevo programa que beneficia &#8230;<\/p>\n","protected":false},"author":8,"featured_media":73331,"comment_status":"open","ping_status":"open","sticky":false,"template":"","format":"standard","meta":{"footnotes":""},"categories":[5,18],"tags":[],"class_list":["post-73330","post","type-post","status-publish","format-standard","has-post-thumbnail","hentry","category-actualidad","category-educacion"],"_links":{"self":[{"href":"https:\/\/vinasfm.com\/noticias\/wp-json\/wp\/v2\/posts\/73330","targetHints":{"allow":["GET"]}}],"collection":[{"href":"https:\/\/vinasfm.com\/noticias\/wp-json\/wp\/v2\/posts"}],"about":[{"href":"https:\/\/vinasfm.com\/noticias\/wp-json\/wp\/v2\/types\/post"}],"author":[{"embeddable":true,"href":"https:\/\/vinasfm.com\/noticias\/wp-json\/wp\/v2\/users\/8"}],"replies":[{"embeddable":true,"href":"https:\/\/vinasfm.com\/noticias\/wp-json\/wp\/v2\/comments?post=73330"}],"version-history":[{"count":2,"href":"https:\/\/vinasfm.com\/noticias\/wp-json\/wp\/v2\/posts\/73330\/revisions"}],"predecessor-version":[{"id":73333,"href":"https:\/\/vinasfm.com\/noticias\/wp-json\/wp\/v2\/posts\/73330\/revisions\/73333"}],"wp:featuredmedia":[{"embeddable":true,"href":"https:\/\/vinasfm.com\/noticias\/wp-json\/wp\/v2\/media\/73331"}],"wp:attachment":[{"href":"https:\/\/vinasfm.com\/noticias\/wp-json\/wp\/v2\/media?parent=73330"}],"wp:term":[{"taxonomy":"category","embeddable":true,"href":"https:\/\/vinasfm.com\/noticias\/wp-json\/wp\/v2\/categories?post=73330"},{"taxonomy":"post_tag","embeddable":true,"href":"https:\/\/vinasfm.com\/noticias\/wp-json\/wp\/v2\/tags?post=73330"}],"curies":[{"name":"wp","href":"https:\/\/api.w.org\/{rel}","templated":true}]}}