{"id":73250,"date":"2020-07-18T10:58:08","date_gmt":"2020-07-18T13:58:08","guid":{"rendered":"http:\/\/vinasfm.com\/noticias\/?p=73250"},"modified":"2020-07-22T11:34:11","modified_gmt":"2020-07-22T14:34:11","slug":"gustavo-villegas-sobre-el-fallo-de-la-corte-se-nos-dio-la-razon-en-que-no-se-puede-entregar-agua-si-no-estan-las-obras","status":"publish","type":"post","link":"https:\/\/vinasfm.com\/noticias\/gustavo-villegas-sobre-el-fallo-de-la-corte-se-nos-dio-la-razon-en-que-no-se-puede-entregar-agua-si-no-estan-las-obras\/","title":{"rendered":"GUSTAVO VILLEGAS SOBRE EL FALLO DE LA CORTE: \u00abSE NOS DIO LA RAZ\u00d3N EN QUE NO SE PUEDE ENTREGAR AGUA SI NO EST\u00c1N LAS OBRAS\u00bb"},"content":{"rendered":"<h4><strong>Este jueves, la Corte Suprema de Justicia de la Naci\u00f3n inform\u00f3 que se fij\u00f3 un caudal m\u00ednimo permanente del r\u00edo Atuel de 3,2 m3\/s en el l\u00edmite entre La Pampa y Mendoza. \u00bfQu\u00e9 implica el fallo?<\/strong><\/h4>\n<h5>Ver m\u00e1s en: <a href=\"http:\/\/vinasfm.com\/noticias\/rio-atuel-la-corte-suprema-fijo-un-caudal-minimo-como-lo-solicito-mendoza\">http:\/\/vinasfm.com\/noticias\/rio-atuel-la-corte-suprema-fijo-un-caudal-minimo-como-lo-solicito-mendoza<\/a>\/<\/h5>\n<p>En dialogo con F.M. Vi\u00f1as, Gustavo Villegas Consejero por el R\u00edo Atuel manifest\u00f3 <strong>\u201cse nos dio la raz\u00f3n en una gran parte de lo que hab\u00edamos presentado como propuesta en que no se puede entregar agua sino est\u00e1n las obras\u201d<\/strong>, se\u00f1alando que ha sido demostrado \u201chasta el hartazgo\u201d tanto a La Pampa como a Naci\u00f3n.<\/p>\n<div id=\"attachment_58173\" style=\"width: 252px\" class=\"wp-caption alignleft\"><a href=\"http:\/\/vinasfm.com\/noticias\/wp-content\/uploads\/2019\/09\/GUSTAVO-VILLEGAS.jpeg\"><img loading=\"lazy\" decoding=\"async\" aria-describedby=\"caption-attachment-58173\" class=\" wp-image-58173\" src=\"http:\/\/vinasfm.com\/noticias\/wp-content\/uploads\/2019\/09\/GUSTAVO-VILLEGAS-300x225.jpeg\" alt=\"\" width=\"252\" height=\"189\" srcset=\"https:\/\/vinasfm.com\/noticias\/wp-content\/uploads\/2019\/09\/GUSTAVO-VILLEGAS-300x225.jpeg 300w, https:\/\/vinasfm.com\/noticias\/wp-content\/uploads\/2019\/09\/GUSTAVO-VILLEGAS-768x576.jpeg 768w, https:\/\/vinasfm.com\/noticias\/wp-content\/uploads\/2019\/09\/GUSTAVO-VILLEGAS-1024x768.jpeg 1024w, https:\/\/vinasfm.com\/noticias\/wp-content\/uploads\/2019\/09\/GUSTAVO-VILLEGAS.jpeg 1040w\" sizes=\"auto, (max-width: 252px) 100vw, 252px\" \/><\/a><p id=\"caption-attachment-58173\" class=\"wp-caption-text\">Gustavo Villegas &#8211; Consejero del R\u00edo Atuel.<\/p><\/div>\n<p>Sobre la cantidad de agua que se le debe entregar a la vecina provincia, <strong>m\u00e1s del doble de lo que hab\u00eda pedido Mendoza<\/strong>, sostuvo que \u201c<strong>es mucha la cantidad de metros c\u00fabicos que deben entregar y muchas las obras a realizarse<\/strong>\u201d, tanto en el aumento de la oferta como en la impermeabilizaci\u00f3n del tramo natural del R\u00edo en su tramo desde Carmensa y el l\u00edmite. A estas se suman numerosas obras peque\u00f1as y de manejo en los caudales.<\/p>\n<p><strong>El agua que se le deb\u00eda otorgar la vecina provincia corresponde aproximadamente a m\u00e1s de un 10% de lo que llega a General Alvear<\/strong> en \u00e9poca m\u00e1xima de riego y que no alcanza para cubrir las hect\u00e1reas cultivadas. <strong>El Atuel, por las caracter\u00edsticas de un r\u00edo de monta\u00f1a no posee un caudal fijo, mucho menos permanente<\/strong>.<\/p>\n<p>Adem\u00e1s <strong>las impermeabilizaciones no permitir\u00edan que se recupere en el ambiente en tramo mendocino,<\/strong> tambi\u00e9n afectado.<\/p>\n<p>La Corte Suprema resolvi\u00f3 instar a las provincias de La Pampa y Mendoza al fortalecimiento institucional del organismo de cuenca, integrando al Estado nacional, a cuyo fin deber\u00e1n considerar la propuesta realizada por la Secretar\u00eda de Infraestructura y Pol\u00edtica H\u00eddrica de la Naci\u00f3n para la <strong>conformaci\u00f3n de la Comisi\u00f3n Interjurisdiccional del R\u00edo Atuel (CIRA), en remplazo de la actual Comisi\u00f3n.<\/strong><\/p>\n<h5><em><strong>A.C.<\/strong><\/em><\/h5>\n","protected":false},"excerpt":{"rendered":"<p>Este jueves, la Corte Suprema de Justicia de la Naci\u00f3n inform\u00f3 que se fij\u00f3 un caudal m\u00ednimo permanente del r\u00edo Atuel &#8230;<\/p>\n","protected":false},"author":7,"featured_media":73163,"comment_status":"open","ping_status":"open","sticky":false,"template":"","format":"standard","meta":{"footnotes":""},"categories":[5,37],"tags":[],"class_list":["post-73250","post","type-post","status-publish","format-standard","has-post-thumbnail","hentry","category-actualidad","category-irrigacion"],"_links":{"self":[{"href":"https:\/\/vinasfm.com\/noticias\/wp-json\/wp\/v2\/posts\/73250","targetHints":{"allow":["GET"]}}],"collection":[{"href":"https:\/\/vinasfm.com\/noticias\/wp-json\/wp\/v2\/posts"}],"about":[{"href":"https:\/\/vinasfm.com\/noticias\/wp-json\/wp\/v2\/types\/post"}],"author":[{"embeddable":true,"href":"https:\/\/vinasfm.com\/noticias\/wp-json\/wp\/v2\/users\/7"}],"replies":[{"embeddable":true,"href":"https:\/\/vinasfm.com\/noticias\/wp-json\/wp\/v2\/comments?post=73250"}],"version-history":[{"count":1,"href":"https:\/\/vinasfm.com\/noticias\/wp-json\/wp\/v2\/posts\/73250\/revisions"}],"predecessor-version":[{"id":73251,"href":"https:\/\/vinasfm.com\/noticias\/wp-json\/wp\/v2\/posts\/73250\/revisions\/73251"}],"wp:featuredmedia":[{"embeddable":true,"href":"https:\/\/vinasfm.com\/noticias\/wp-json\/wp\/v2\/media\/73163"}],"wp:attachment":[{"href":"https:\/\/vinasfm.com\/noticias\/wp-json\/wp\/v2\/media?parent=73250"}],"wp:term":[{"taxonomy":"category","embeddable":true,"href":"https:\/\/vinasfm.com\/noticias\/wp-json\/wp\/v2\/categories?post=73250"},{"taxonomy":"post_tag","embeddable":true,"href":"https:\/\/vinasfm.com\/noticias\/wp-json\/wp\/v2\/tags?post=73250"}],"curies":[{"name":"wp","href":"https:\/\/api.w.org\/{rel}","templated":true}]}}