{"id":73226,"date":"2020-07-18T08:39:55","date_gmt":"2020-07-18T11:39:55","guid":{"rendered":"http:\/\/vinasfm.com\/noticias\/?p=73226"},"modified":"2020-07-22T11:34:37","modified_gmt":"2020-07-22T14:34:37","slug":"fallecio-tatiana-la-joven-atacada-en-atuel-norte","status":"publish","type":"post","link":"https:\/\/vinasfm.com\/noticias\/fallecio-tatiana-la-joven-atacada-en-atuel-norte\/","title":{"rendered":"CONMOCI\u00d3N POR EL FALLECIMIENTO DE TATIANA, LA JOVEN ATACADA EN ATUEL NORTE"},"content":{"rendered":"<h4><strong>Luego de estar diez d\u00edas internada presentando leves mejor\u00edas, pero en estado de coma inducido, Tatiana Guzm\u00e1n (15) perdi\u00f3 la vida minutos antes de las 5 am de este s\u00e1bado en el Hospital Teodoro J. Schestakow.<\/strong><\/h4>\n<p><strong>Tatiana<\/strong> se encontraba en estado reservado producto de las brutales lesiones que le propin\u00f3, esgrimiendo un arma blanca, <strong>Diego \u00c1ngel Lea<\/strong> (<strong><em>38<\/em><\/strong>) el pasado<strong> martes 7 de julio<\/strong> en su vivienda de <strong>Atuel Norte<\/strong> en un ataque que habr\u00eda incluido el intento de violaci\u00f3n.<\/p>\n<h5><strong><em>Ver tambi\u00e9n: <a href=\"http:\/\/vinasfm.com\/noticias\/atuel-norte-menor-de-15-anos-fue-apunalada-en-un-intento-de-violacion\/\">http:\/\/vinasfm.com\/noticias\/atuel-norte-menor-de-15-anos-fue-apunalada-en-un-intento-de-violacion\/<\/a><\/em><\/strong><\/h5>\n<p>Desde su ingreso en el <strong>Schestakow<\/strong>, <strong>Tatiana fue operada dos veces a fin de mitigar las varias heridas cortopunzantes que presentaba en su cuerpo<\/strong>, dos de ellas muy preocupantes, en la garganta y en el abdomen.<\/p>\n<p>La joven se encontraba en la <strong>Unidad de Terapia Intensiva<\/strong> de ese nosocomio \u201c<em>estable hemodin\u00e1micamente, en estado cr\u00edtico, con pron\u00f3stico reservado y conectada al respirador mec\u00e1nico<\/em>\u201d, seg\u00fan informaban desde el hospital sanrafaelino.<\/p>\n<p>Finalmente, <strong>tras varios d\u00edas de luchar por su vida<\/strong>, <strong>Rolando Guzm\u00e1n confirm\u00f3 el deceso de su hija a un medio sanrafaelino.<\/strong><\/p>\n<p>El acusado,\u00a0Diego \u00c1ngel Lea, fue capturado el mi\u00e9rcoles 8 de julio.\u00a0El pasado jueves una modificaci\u00f3n en la imputaci\u00f3n llev\u00f3 la causa a la Fiscal\u00eda de Violencia de G\u00e9nero.\u00a0\u00a0<b>Ahora cambia la caratula a homicidio criminis causa. y si\u00a0 a Diego Lea,\u00a0 se lo considera imputable ir\u00eda a juicio por jurado<\/b><\/p>\n<h5><i>\u2022F.B. (F.M. Vi\u00f1as).<\/i><\/h5>\n","protected":false},"excerpt":{"rendered":"<p>Luego de estar diez d\u00edas internada presentando leves mejor\u00edas, pero en estado de coma inducido, Tatiana Guzm\u00e1n (15) perdi\u00f3 la vida &#8230;<\/p>\n","protected":false},"author":8,"featured_media":73227,"comment_status":"open","ping_status":"open","sticky":false,"template":"","format":"standard","meta":{"footnotes":""},"categories":[5,4],"tags":[],"class_list":["post-73226","post","type-post","status-publish","format-standard","has-post-thumbnail","hentry","category-actualidad","category-policiales"],"_links":{"self":[{"href":"https:\/\/vinasfm.com\/noticias\/wp-json\/wp\/v2\/posts\/73226","targetHints":{"allow":["GET"]}}],"collection":[{"href":"https:\/\/vinasfm.com\/noticias\/wp-json\/wp\/v2\/posts"}],"about":[{"href":"https:\/\/vinasfm.com\/noticias\/wp-json\/wp\/v2\/types\/post"}],"author":[{"embeddable":true,"href":"https:\/\/vinasfm.com\/noticias\/wp-json\/wp\/v2\/users\/8"}],"replies":[{"embeddable":true,"href":"https:\/\/vinasfm.com\/noticias\/wp-json\/wp\/v2\/comments?post=73226"}],"version-history":[{"count":2,"href":"https:\/\/vinasfm.com\/noticias\/wp-json\/wp\/v2\/posts\/73226\/revisions"}],"predecessor-version":[{"id":73245,"href":"https:\/\/vinasfm.com\/noticias\/wp-json\/wp\/v2\/posts\/73226\/revisions\/73245"}],"wp:featuredmedia":[{"embeddable":true,"href":"https:\/\/vinasfm.com\/noticias\/wp-json\/wp\/v2\/media\/73227"}],"wp:attachment":[{"href":"https:\/\/vinasfm.com\/noticias\/wp-json\/wp\/v2\/media?parent=73226"}],"wp:term":[{"taxonomy":"category","embeddable":true,"href":"https:\/\/vinasfm.com\/noticias\/wp-json\/wp\/v2\/categories?post=73226"},{"taxonomy":"post_tag","embeddable":true,"href":"https:\/\/vinasfm.com\/noticias\/wp-json\/wp\/v2\/tags?post=73226"}],"curies":[{"name":"wp","href":"https:\/\/api.w.org\/{rel}","templated":true}]}}