{"id":73178,"date":"2020-07-18T05:30:25","date_gmt":"2020-07-18T08:30:25","guid":{"rendered":"http:\/\/vinasfm.com\/noticias\/?p=73178"},"modified":"2020-07-22T11:35:41","modified_gmt":"2020-07-22T14:35:41","slug":"beneficios-del-modulo-de-carga-de-combustible-en-canalejas","status":"publish","type":"post","link":"https:\/\/vinasfm.com\/noticias\/beneficios-del-modulo-de-carga-de-combustible-en-canalejas\/","title":{"rendered":"BENEFICIOS DEL M\u00d3DULO DE CARGA DE COMBUSTIBLE EN CANALEJAS"},"content":{"rendered":"<h4><strong>El M\u00f3dulo de Carga de Combustible en Canalejas, lleg\u00f3 para solucionar una problem\u00e1tica de la gente de la zona, adem\u00e1s de brindar un gran servicio a quienes ingresan por ese sector del departamento.<\/strong><\/h4>\n<p>El <strong>delegado del distrito de Bowen<\/strong>, <strong>Hern\u00e1n Climent<\/strong>, destac\u00f3 el buen funcionamiento que est\u00e1 teniendo este importante m\u00f3dulo: \u201c<strong><em>Est\u00e1 funcionando muy bien, el WiFi est\u00e1 andando muy bien en Canalejas, y esto hay que rescatarlo porque durante la gesti\u00f3n del intendente Walther Marcolini, el paraje tiene mejor comunicaci\u00f3n<\/em><\/strong>\u201d expres\u00f3.<\/p>\n<p>\u00ab<strong><em>Esto, sin dudas, es un servicio fundamental para los vecinos de la zona ya que de esta forma pueden estar conectados, principalmente en esta \u00e9poca de pandemia donde los chicos dependen de internet para poder realizar sus tareas<\/em><\/strong>\u00ab, agreg\u00f3.<\/p>\n<p>El M\u00f3dulo <strong>funciona cuatro horas por la ma\u00f1ana y otras cuatro horas por la tarde, hasta las 18 hs<\/strong>, teniendo en cuenta que a las 19 hs ya no hay movimiento de veh\u00edculos por Ruta 188: \u201c<strong><em>Actualmente se est\u00e1 atendiendo principalmente a la gente de la zona que se acerca a cargar combustible<\/em><\/strong>\u201d concluy\u00f3 Climent.<\/p>\n<h5><em>\u2022F.B. (F.M. Vi\u00f1as).<\/em><\/h5>\n","protected":false},"excerpt":{"rendered":"<p>El M\u00f3dulo de Carga de Combustible en Canalejas, lleg\u00f3 para solucionar una problem\u00e1tica de la gente de la zona, adem\u00e1s de &#8230;<\/p>\n","protected":false},"author":8,"featured_media":73181,"comment_status":"open","ping_status":"open","sticky":false,"template":"","format":"standard","meta":{"footnotes":""},"categories":[1],"tags":[],"class_list":["post-73178","post","type-post","status-publish","format-standard","has-post-thumbnail","hentry","category-fmvinas"],"_links":{"self":[{"href":"https:\/\/vinasfm.com\/noticias\/wp-json\/wp\/v2\/posts\/73178","targetHints":{"allow":["GET"]}}],"collection":[{"href":"https:\/\/vinasfm.com\/noticias\/wp-json\/wp\/v2\/posts"}],"about":[{"href":"https:\/\/vinasfm.com\/noticias\/wp-json\/wp\/v2\/types\/post"}],"author":[{"embeddable":true,"href":"https:\/\/vinasfm.com\/noticias\/wp-json\/wp\/v2\/users\/8"}],"replies":[{"embeddable":true,"href":"https:\/\/vinasfm.com\/noticias\/wp-json\/wp\/v2\/comments?post=73178"}],"version-history":[{"count":1,"href":"https:\/\/vinasfm.com\/noticias\/wp-json\/wp\/v2\/posts\/73178\/revisions"}],"predecessor-version":[{"id":73183,"href":"https:\/\/vinasfm.com\/noticias\/wp-json\/wp\/v2\/posts\/73178\/revisions\/73183"}],"wp:featuredmedia":[{"embeddable":true,"href":"https:\/\/vinasfm.com\/noticias\/wp-json\/wp\/v2\/media\/73181"}],"wp:attachment":[{"href":"https:\/\/vinasfm.com\/noticias\/wp-json\/wp\/v2\/media?parent=73178"}],"wp:term":[{"taxonomy":"category","embeddable":true,"href":"https:\/\/vinasfm.com\/noticias\/wp-json\/wp\/v2\/categories?post=73178"},{"taxonomy":"post_tag","embeddable":true,"href":"https:\/\/vinasfm.com\/noticias\/wp-json\/wp\/v2\/tags?post=73178"}],"curies":[{"name":"wp","href":"https:\/\/api.w.org\/{rel}","templated":true}]}}