{"id":73165,"date":"2020-07-18T07:00:56","date_gmt":"2020-07-18T10:00:56","guid":{"rendered":"http:\/\/vinasfm.com\/noticias\/?p=73165"},"modified":"2020-07-22T11:35:05","modified_gmt":"2020-07-22T14:35:05","slug":"se-entregaron-los-premios-del-concurso-yomequedoencasa","status":"publish","type":"post","link":"https:\/\/vinasfm.com\/noticias\/se-entregaron-los-premios-del-concurso-yomequedoencasa\/","title":{"rendered":"SE ENTREGARON LOS PREMIOS DEL CONCURSO #YOMEQUEDOENCASA"},"content":{"rendered":"<h4><strong>El concurso #YoMeQuedoEnCasa organizado por la Asesor\u00eda de la Juventud de la Municipalidad\u00a0 que se realiz\u00f3 durante la cuarentena obligatoria con el objetivo de que los m\u00e1s peque\u00f1os de la casa se sientan contenidos y entretenidos ya tiene sus ganadores.<\/strong><\/h4>\n<div><strong>Bel\u00e9n Castro<\/strong>, de 12 a\u00f1os, <strong>Lautaro Andreola<\/strong>, de 10 a\u00f1os, y <strong>M\u00e1ximo Sevega<\/strong> son los ganadores del concurso de dibujo que <em><strong>reuni\u00f3 a casi trescientos participantes<\/strong><\/em>. Este concurso tuvo como objetivo <strong>brindar entretenimiento a los m\u00e1s peque\u00f1os y concientizar a la poblaci\u00f3n mediante el mensaje de los chicos.<\/strong><\/div>\n<div><\/div>\n<div>El concurso <strong>estuvo destinado a chicos de hasta 12 a\u00f1os<\/strong>, es as\u00ed que m\u00e1s de 300 dibujos fueron publicados en la p\u00e1gina de <strong>Facebook de la Municipalidad de General Alvear<\/strong>,\u00a0 a trav\u00e9s del concurso se uni\u00f3 toda la familia, ya que todos colaboraron para ejecutar la idea.<\/div>\n<div><\/div>\n<div>La mayor\u00eda de los dibujos que participaron del concurso <strong>hicieron referencia al uso de tapabocas<\/strong>, al <strong>lavado de manos<\/strong> y otras <strong>medidas sanitarias<\/strong>, brindando un gran mensaje a la sociedad.<\/div>\n<div><\/div>\n<div>\u00a0\u201c<strong><em>Mi dibujo se trat\u00f3 de lavarse las mano y de que no nos contagiemos del Coronavirus\u00bb<\/em><\/strong>, dijo <strong>Lautaro. <\/strong>Por su parte, <strong>M\u00e1ximo<\/strong> muy emocionado con la tablet\u00a0 dijo \u201c<strong><em>me encant\u00f3 el regalo y hacer este dibujo<\/em><\/strong>\u201d. <strong>Bel\u00e9n<\/strong> explic\u00f3 que \u00ab<strong><em>estuvo expectante esperando el sorteo y que iba a utilizar la tablet para realizar la tarea y tambi\u00e9n para jugar<\/em><\/strong>\u00ab.<\/div>\n<div><\/div>\n<div><strong>Silvana Burgos<\/strong>, mam\u00e1 de M\u00e1ximo Sevega dijo \u201c<strong><em>fue muy buena la idea de que los ni\u00f1os hagan estos trabajos, ya que ellos son el ejemplo de aguante en esta cuarentena. Yo solo le ayude a enviarlo, pero \u00e9l lo hizo solito<\/em><\/strong>\u201d.<\/div>\n<h5><em>\u2022F.B. (F.M. Vi\u00f1as).<\/em><\/h5>\n","protected":false},"excerpt":{"rendered":"<p>El concurso #YoMeQuedoEnCasa organizado por la Asesor\u00eda de la Juventud de la Municipalidad\u00a0 que se realiz\u00f3 durante la cuarentena obligatoria con &#8230;<\/p>\n","protected":false},"author":8,"featured_media":73167,"comment_status":"open","ping_status":"open","sticky":false,"template":"","format":"standard","meta":{"footnotes":""},"categories":[5,11],"tags":[],"class_list":["post-73165","post","type-post","status-publish","format-standard","has-post-thumbnail","hentry","category-actualidad","category-sociales"],"_links":{"self":[{"href":"https:\/\/vinasfm.com\/noticias\/wp-json\/wp\/v2\/posts\/73165","targetHints":{"allow":["GET"]}}],"collection":[{"href":"https:\/\/vinasfm.com\/noticias\/wp-json\/wp\/v2\/posts"}],"about":[{"href":"https:\/\/vinasfm.com\/noticias\/wp-json\/wp\/v2\/types\/post"}],"author":[{"embeddable":true,"href":"https:\/\/vinasfm.com\/noticias\/wp-json\/wp\/v2\/users\/8"}],"replies":[{"embeddable":true,"href":"https:\/\/vinasfm.com\/noticias\/wp-json\/wp\/v2\/comments?post=73165"}],"version-history":[{"count":1,"href":"https:\/\/vinasfm.com\/noticias\/wp-json\/wp\/v2\/posts\/73165\/revisions"}],"predecessor-version":[{"id":73168,"href":"https:\/\/vinasfm.com\/noticias\/wp-json\/wp\/v2\/posts\/73165\/revisions\/73168"}],"wp:featuredmedia":[{"embeddable":true,"href":"https:\/\/vinasfm.com\/noticias\/wp-json\/wp\/v2\/media\/73167"}],"wp:attachment":[{"href":"https:\/\/vinasfm.com\/noticias\/wp-json\/wp\/v2\/media?parent=73165"}],"wp:term":[{"taxonomy":"category","embeddable":true,"href":"https:\/\/vinasfm.com\/noticias\/wp-json\/wp\/v2\/categories?post=73165"},{"taxonomy":"post_tag","embeddable":true,"href":"https:\/\/vinasfm.com\/noticias\/wp-json\/wp\/v2\/tags?post=73165"}],"curies":[{"name":"wp","href":"https:\/\/api.w.org\/{rel}","templated":true}]}}