{"id":73161,"date":"2020-07-18T09:19:54","date_gmt":"2020-07-18T12:19:54","guid":{"rendered":"http:\/\/vinasfm.com\/noticias\/?p=73161"},"modified":"2020-07-22T11:34:24","modified_gmt":"2020-07-22T14:34:24","slug":"alvear-pedira-que-se-reclamen-regalias-de-los-nihuiles-y-derechos-de-casa-de-piedra","status":"publish","type":"post","link":"https:\/\/vinasfm.com\/noticias\/alvear-pedira-que-se-reclamen-regalias-de-los-nihuiles-y-derechos-de-casa-de-piedra\/","title":{"rendered":"ALVEAR PEDIR\u00c1 QUE SE RECLAMEN REGAL\u00cdAS DE LOS NIHUILES Y DERECHOS DE &#8216;CASA DE PIEDRA&#8217;"},"content":{"rendered":"<h4><strong>El intendente Walther Marcolini fue contundente en cuanto a la defensa del R\u00edo Atuel, tras el fallo de la Corte Suprema de Justicia de la Naci\u00f3n. Adem\u00e1s adelant\u00f3 que se solicitar\u00e1 que se reclamen regal\u00edas de los Nihuiles y derechos de Casa de Piedra, con el objetivo de avanzar en el trasvase del Grande al Atuel.\u00a0<\/strong><\/h4>\n<p>Tras el <strong>fallo de la Corte Suprema de Justicia de la Naci\u00f3n acerca del caudal m\u00ednimo que Mendoza tiene que garantizar a la Provincia de La Pampa<\/strong>, Walther Marcolini expres\u00f3 la postura del departamento, en primer lugar asegur\u00f3 que el caudal estipulado es mucho mayor al planteado por nuestra Provincia: \u201c<strong><em>Esto implica necesariamente tener un n\u00f3dulo de alrededor de 7 mts3 para poder llegar al l\u00edmite de Mendoza y La Pampa con los 3,2 mts3 de manera sostenida<\/em><\/strong>\u201d.<\/p>\n<p>En segundo lugar se obliga a ambas provincias a ponerse de acuerdo en un periodo muy corto para pensar en las obras a realizar y de d\u00f3nde surgiran los fondos: \u201c<strong><em>La Corte lo pide de forma progresiva y no de manera inmediata, como ped\u00eda La Pampa\u201d dijo Marcolini quien tambi\u00e9n calific\u00f3 como positivo que sea la Naci\u00f3n y ambas provincias quienes financien la obra\u00bb<\/em><\/strong>.<\/p>\n<p>Uno de los puntos que m\u00e1s preocupa a nuestro departamento es el del fortalecimiento institucional que plante\u00f3 la <strong>Secretar\u00eda H\u00eddrica de la Naci\u00f3n<\/strong>, de crear una entidad similar al COIRCO, o sea el <strong>Comit\u00e9 Interjurisdiccional del R\u00edo Atuel<\/strong> (<strong><em>CIRA<\/em><\/strong>): \u201c<strong><em>Entendemos que hay que ser muy cuidadoso y defender muy bien los intereses de Mendoza porque le saca el manejo al Departamento General de Irrigaci\u00f3n<\/em><\/strong>\u201d.<\/p>\n<p>Este punto fue calificado como el tal\u00f3n de aquiles por parte del Jefe Comunal ya que se deber\u00e1 evaluar el porcentaje de injerencia de cada provincia. En este sentido, manifest\u00f3 que se le plantear\u00e1 al Gobierno Provincial, a a Asesor\u00eda de Gobierno y a la Fiscal\u00eda de Estado, que hay que continuar con otras acciones para obtener los recursos y encarar un plan sistem\u00e1tico e integral de obras que lleven a la sistematizaci\u00f3n del riego de forma tal de utilizar eficientemente el recurso h\u00eddrico.<\/p>\n<p>\u201c<strong><em>Vamos a solicitar que la Provincia de Mendoza realice el reclamo formal para la devoluci\u00f3n del 50% de las regal\u00edas mal liquidadas que cobra la Provincia de La Pampa desde el a\u00f1o 1973 sobre el complejo hidroel\u00e9ctrico Los Nihuiles<\/em><\/strong>\u201d, expres\u00f3 contundente el intendente, quien record\u00f3 que <strong>el reclamo ya fue presentado pero que es necesario que se realice por las v\u00edas correspondientes para que se restituya a nuestra provincia estos montos<\/strong> muy significativos que permitir\u00e1 realizar las obras que pretende este juicio y la sistematizaci\u00f3n del riego intrafinca.<\/p>\n<p>Acerca de esta propuesta, el intendente subray\u00f3 que: \u201c<strong><em>El que es due\u00f1o del salto, es el due\u00f1o de las regal\u00edas, y en este caso al igual que en Valle Grande, el salto est\u00e1 en Mendoza al igual que el territorio del lago completo. Estos son recursos muy importantes que podr\u00edan ir destinados a la soluci\u00f3n de la problem\u00e1tica del riego<\/em><\/strong>\u201d.<\/p>\n<p>En la misma linea, Marcolini asegur\u00f3 que Mendoza tiene que realizar un reclamo formal, v\u00eda juicio, a la Provincia de Buenos Aires\u00a0 a la Provincia de La Pampa, por el agua que vienen utilizando desde que se construy\u00f3 la represa Casa de Piedra, que corresponde a los 34 mts3, si se quiere hoy tambi\u00e9n por el cambio clim\u00e1tico 24mts3 del R\u00edo Grande al R\u00edo Colorado: \u00ab<strong><em>Ah\u00ed hay otra fuente de ingresos importantes, que mientras a Mendoza no se le autorice el trasvase del Grande al Atuel, esa agua la utiliza la represa Casa de Piedra, y Mendoza tiene derecho a un resarcimiento<\/em><\/strong>\u201d, manifest\u00f3.<\/p>\n<p>Concluy\u00f3 diciendo que esos fondos podr\u00e1n ser utilizados tambi\u00e9n para el trasvase del R\u00edo Grande al R\u00edo Atuel, que es la \u00fanica forma de garantizar los 3,2 mts3 solicitados, de manera sostenida: \u201c<strong><em>Tomadas estas dos formas de financiamiento que podr\u00eda tener Mendoza, podremos resolver definitivamente la problem\u00e1tica del R\u00edo Atuel con la Provincia de La Pampa<\/em><\/strong>\u201d.<\/p>\n<h5><em>\u2022F.B. (F.M. Vi\u00f1as).<\/em><\/h5>\n","protected":false},"excerpt":{"rendered":"<p>El intendente Walther Marcolini fue contundente en cuanto a la defensa del R\u00edo Atuel, tras el fallo de la Corte Suprema &#8230;<\/p>\n","protected":false},"author":8,"featured_media":71829,"comment_status":"open","ping_status":"open","sticky":false,"template":"","format":"standard","meta":{"footnotes":""},"categories":[5,54],"tags":[],"class_list":["post-73161","post","type-post","status-publish","format-standard","has-post-thumbnail","hentry","category-actualidad","category-conflicto-con-la-pampa"],"_links":{"self":[{"href":"https:\/\/vinasfm.com\/noticias\/wp-json\/wp\/v2\/posts\/73161","targetHints":{"allow":["GET"]}}],"collection":[{"href":"https:\/\/vinasfm.com\/noticias\/wp-json\/wp\/v2\/posts"}],"about":[{"href":"https:\/\/vinasfm.com\/noticias\/wp-json\/wp\/v2\/types\/post"}],"author":[{"embeddable":true,"href":"https:\/\/vinasfm.com\/noticias\/wp-json\/wp\/v2\/users\/8"}],"replies":[{"embeddable":true,"href":"https:\/\/vinasfm.com\/noticias\/wp-json\/wp\/v2\/comments?post=73161"}],"version-history":[{"count":1,"href":"https:\/\/vinasfm.com\/noticias\/wp-json\/wp\/v2\/posts\/73161\/revisions"}],"predecessor-version":[{"id":73164,"href":"https:\/\/vinasfm.com\/noticias\/wp-json\/wp\/v2\/posts\/73161\/revisions\/73164"}],"wp:featuredmedia":[{"embeddable":true,"href":"https:\/\/vinasfm.com\/noticias\/wp-json\/wp\/v2\/media\/71829"}],"wp:attachment":[{"href":"https:\/\/vinasfm.com\/noticias\/wp-json\/wp\/v2\/media?parent=73161"}],"wp:term":[{"taxonomy":"category","embeddable":true,"href":"https:\/\/vinasfm.com\/noticias\/wp-json\/wp\/v2\/categories?post=73161"},{"taxonomy":"post_tag","embeddable":true,"href":"https:\/\/vinasfm.com\/noticias\/wp-json\/wp\/v2\/tags?post=73161"}],"curies":[{"name":"wp","href":"https:\/\/api.w.org\/{rel}","templated":true}]}}