{"id":73155,"date":"2020-07-18T06:00:43","date_gmt":"2020-07-18T09:00:43","guid":{"rendered":"http:\/\/vinasfm.com\/noticias\/?p=73155"},"modified":"2020-07-22T11:35:34","modified_gmt":"2020-07-22T14:35:34","slug":"choque-en-cadena-sin-heridos-en-bernardo-de-irigoyen-e-intendente-morales","status":"publish","type":"post","link":"https:\/\/vinasfm.com\/noticias\/choque-en-cadena-sin-heridos-en-bernardo-de-irigoyen-e-intendente-morales\/","title":{"rendered":"CHOQUE EN CADENA SIN HERIDOS EN BERNARDO DE IRIGOYEN E INTENDENTE MORALES"},"content":{"rendered":"<h4><strong>En la ma\u00f1ana de este viernes, tres veh\u00edculos protagonizaron un choque m\u00faltiple sobre calle Bernardo De Irigoyen, en su intersecci\u00f3n con Intendente Morales.<\/strong><\/h4>\n<p>Seg\u00fan precis\u00f3 <strong>Polic\u00eda Vial<\/strong> a este medio, el siniestro <strong>se produjo cerca de las 11h<\/strong> en la citada esquina, regulada por un equipo semaf\u00f3rico, involucrando a una camioneta <strong>Fiat Fiorino<\/strong>, un <strong>Citr\u00f6en C3<\/strong> y un <strong>Furg\u00f3n<\/strong> marca\u00a0<strong>Peugeot Partner<\/strong>.<\/p>\n<p><strong>La camioneta<\/strong>, que <strong>se encontraba<\/strong> en direcci\u00f3n al sur <strong>aguardando el sem\u00e1foro<\/strong>, <strong>fue embestida de atr\u00e1s por el Citr\u00f6en que no pudo aminorar su marcha<\/strong> por la escasa distancia. A su vez, <strong>el furg\u00f3n apareci\u00f3 en escena impactando al C3 en su parte trasera<\/strong>.<\/p>\n<p><strong>Ninguno de los tres conductores participantes revisti\u00f3 lesiones<\/strong> producto del siniestro; solo <strong>se registraron da\u00f1os materiales.<\/strong><\/p>\n<p>A ra\u00edz del hecho, <strong>personal policial debi\u00f3 intervenir para regular la circulaci\u00f3n vehicular<\/strong> y realizar las medidas de rigor, que junto con los testimonios, fueron cursados en la causa que instruye la <strong>Unidad Fiscal de Comisar\u00eda 14\u00b0<\/strong>.<\/p>\n<h5><em>\u2022Fernando Burett (F.M. Vi\u00f1as).<\/em><\/h5>\n","protected":false},"excerpt":{"rendered":"<p>En la ma\u00f1ana de este viernes, tres veh\u00edculos protagonizaron un choque m\u00faltiple sobre calle Bernardo De Irigoyen, en su intersecci\u00f3n con &#8230;<\/p>\n","protected":false},"author":8,"featured_media":63435,"comment_status":"open","ping_status":"open","sticky":false,"template":"","format":"standard","meta":{"footnotes":""},"categories":[5,4],"tags":[],"class_list":["post-73155","post","type-post","status-publish","format-standard","has-post-thumbnail","hentry","category-actualidad","category-policiales"],"_links":{"self":[{"href":"https:\/\/vinasfm.com\/noticias\/wp-json\/wp\/v2\/posts\/73155","targetHints":{"allow":["GET"]}}],"collection":[{"href":"https:\/\/vinasfm.com\/noticias\/wp-json\/wp\/v2\/posts"}],"about":[{"href":"https:\/\/vinasfm.com\/noticias\/wp-json\/wp\/v2\/types\/post"}],"author":[{"embeddable":true,"href":"https:\/\/vinasfm.com\/noticias\/wp-json\/wp\/v2\/users\/8"}],"replies":[{"embeddable":true,"href":"https:\/\/vinasfm.com\/noticias\/wp-json\/wp\/v2\/comments?post=73155"}],"version-history":[{"count":1,"href":"https:\/\/vinasfm.com\/noticias\/wp-json\/wp\/v2\/posts\/73155\/revisions"}],"predecessor-version":[{"id":73160,"href":"https:\/\/vinasfm.com\/noticias\/wp-json\/wp\/v2\/posts\/73155\/revisions\/73160"}],"wp:featuredmedia":[{"embeddable":true,"href":"https:\/\/vinasfm.com\/noticias\/wp-json\/wp\/v2\/media\/63435"}],"wp:attachment":[{"href":"https:\/\/vinasfm.com\/noticias\/wp-json\/wp\/v2\/media?parent=73155"}],"wp:term":[{"taxonomy":"category","embeddable":true,"href":"https:\/\/vinasfm.com\/noticias\/wp-json\/wp\/v2\/categories?post=73155"},{"taxonomy":"post_tag","embeddable":true,"href":"https:\/\/vinasfm.com\/noticias\/wp-json\/wp\/v2\/tags?post=73155"}],"curies":[{"name":"wp","href":"https:\/\/api.w.org\/{rel}","templated":true}]}}