{"id":73120,"date":"2020-07-17T15:10:09","date_gmt":"2020-07-17T18:10:09","guid":{"rendered":"http:\/\/vinasfm.com\/noticias\/?p=73120"},"modified":"2020-07-22T11:35:46","modified_gmt":"2020-07-22T14:35:46","slug":"el-3-de-agosto-comienza-el-juicio-contra-victor-acuna-el-policia-acusado-de-matar-a-su-esposa","status":"publish","type":"post","link":"https:\/\/vinasfm.com\/noticias\/el-3-de-agosto-comienza-el-juicio-contra-victor-acuna-el-policia-acusado-de-matar-a-su-esposa\/","title":{"rendered":"EL 3 DE AGOSTO COMIENZA EL JUICIO CONTRA V\u00cdCTOR ACU\u00d1A, EL POLIC\u00cdA ACUSADO DE MATAR A SU ESPOSA"},"content":{"rendered":"<h4><strong>Ser\u00e1 el cuarto juicio por jurados populares en la Segunda Circunscripci\u00f3n Judicial (el sur de la provincia) y tendr\u00e1 lugar entre el 3 y el 6 de agosto pr\u00f3ximos, en el Centro de Congresos y Exposiciones en San Rafael.<\/strong><\/h4>\n<p>All\u00ed, los 12 ciudadanos seleccionados oportunamente<strong> deber\u00e1n decidir si el polic\u00eda alvearense V\u00edctor Hugo Acu\u00f1a es culpable o no de matar a su esposa<\/strong>, <strong><em>Lorena Segura<\/em><\/strong>. Acu\u00f1a llega a esta instancia con la imputaci\u00f3n del delito de \u201c<strong><em>homicidio doblemente agravado por uso de arma de fuego y por el v\u00ednculo<\/em><\/strong>\u201d y arriesga una pena de cadena perpetua.<\/p>\n<p>A la audiencia preliminar donde se discute la prueba que se tendr\u00e1 en cuenta durante el debate, le seguir\u00e1 la audiencia de selecci\u00f3n de jurados (<em>ser\u00eda el jueves 30 de julio desde las 9 de la ma\u00f1ana)<\/em> y, una vez conformado el tribunal popular, se llevar\u00e1 adelante el debate en s\u00ed. Esto \u00faltimo ocurrir\u00e1 a partir del primer lunes de agosto y durante tres jornadas. La <strong>jueza Mar\u00eda Eugenia Laigle<\/strong> continuar\u00e1 encabezando la direcci\u00f3n t\u00e9cnica del juicio.<\/p>\n<p>El lugar elegido no es casual: el <strong>Centro de Congresos y Exposiciones \u201cAlfredo Bufano\u201d<\/strong> permite, por la amplitud de sus salas, albergar a las varias personas protagonistas del procedimiento judicial, incluido el p\u00fablico. Adem\u00e1s, desde el Poder Judicial se aclar\u00f3 que se implementar\u00e1n todas las medidas sanitarias contestes con este especial momento que atravesamos por la pandemia.<\/p>\n<h4><strong>\u00bfAccidente u homicidio?<\/strong><\/h4>\n<p>El <strong>15 de abril de 2018 Lorena Segura<\/strong> (<strong>30<\/strong>) <strong>resulto muerta por un disparo que sali\u00f3 del arma reglamentaria de su esposo<\/strong>, el polic\u00eda <strong>Acu\u00f1a<\/strong>. El hecho ocurri\u00f3 en el departamento que ambos compart\u00edan en la <strong>calle Paso de los Andes<\/strong>, de <strong>General Alvear<\/strong>.<\/p>\n<p>El efectivo, en sede policial, afirm\u00f3 que la pistola se accion\u00f3 accidentalmente durante un forcejeo que mantuvo con Segura cuando \u00e9sta impidi\u00f3 que se quitara la vida de un disparo en la cabeza. Sin embargo, en la primera parte de la investigaci\u00f3n que encabez\u00f3 la <strong>fiscal Silvia Ag\u00fcero<\/strong> surgieron pruebas que quitaron fuerza a esa hip\u00f3tesis y que llevaron a la fiscal a considerar que Acu\u00f1a hab\u00eda disparado ex profeso contra su esposa.<\/p>\n<p>Fue por eso que lo imput\u00f3 del delito de \u201c<strong><em>homicidio doblemente agravado por uso de arma de fuego y por el v\u00ednculo<\/em><\/strong>\u201d y orden\u00f3 su traslado a la penitenciar\u00eda de San Rafael. All\u00ed permanece \u2013y lo har\u00e1- hasta la realizaci\u00f3n del debate.<\/p>\n<h5><em>Fuente: Diario San Rafael \/ F.B.<\/em><\/h5>\n","protected":false},"excerpt":{"rendered":"<p>Ser\u00e1 el cuarto juicio por jurados populares en la Segunda Circunscripci\u00f3n Judicial (el sur de la provincia) y tendr\u00e1 lugar entre &#8230;<\/p>\n","protected":false},"author":8,"featured_media":73123,"comment_status":"open","ping_status":"open","sticky":false,"template":"","format":"standard","meta":{"footnotes":""},"categories":[5,22],"tags":[],"class_list":["post-73120","post","type-post","status-publish","format-standard","has-post-thumbnail","hentry","category-actualidad","category-justicia"],"_links":{"self":[{"href":"https:\/\/vinasfm.com\/noticias\/wp-json\/wp\/v2\/posts\/73120","targetHints":{"allow":["GET"]}}],"collection":[{"href":"https:\/\/vinasfm.com\/noticias\/wp-json\/wp\/v2\/posts"}],"about":[{"href":"https:\/\/vinasfm.com\/noticias\/wp-json\/wp\/v2\/types\/post"}],"author":[{"embeddable":true,"href":"https:\/\/vinasfm.com\/noticias\/wp-json\/wp\/v2\/users\/8"}],"replies":[{"embeddable":true,"href":"https:\/\/vinasfm.com\/noticias\/wp-json\/wp\/v2\/comments?post=73120"}],"version-history":[{"count":1,"href":"https:\/\/vinasfm.com\/noticias\/wp-json\/wp\/v2\/posts\/73120\/revisions"}],"predecessor-version":[{"id":73126,"href":"https:\/\/vinasfm.com\/noticias\/wp-json\/wp\/v2\/posts\/73120\/revisions\/73126"}],"wp:featuredmedia":[{"embeddable":true,"href":"https:\/\/vinasfm.com\/noticias\/wp-json\/wp\/v2\/media\/73123"}],"wp:attachment":[{"href":"https:\/\/vinasfm.com\/noticias\/wp-json\/wp\/v2\/media?parent=73120"}],"wp:term":[{"taxonomy":"category","embeddable":true,"href":"https:\/\/vinasfm.com\/noticias\/wp-json\/wp\/v2\/categories?post=73120"},{"taxonomy":"post_tag","embeddable":true,"href":"https:\/\/vinasfm.com\/noticias\/wp-json\/wp\/v2\/tags?post=73120"}],"curies":[{"name":"wp","href":"https:\/\/api.w.org\/{rel}","templated":true}]}}