{"id":73117,"date":"2020-07-17T08:38:53","date_gmt":"2020-07-17T11:38:53","guid":{"rendered":"http:\/\/vinasfm.com\/noticias\/?p=73117"},"modified":"2020-07-18T12:59:39","modified_gmt":"2020-07-18T15:59:39","slug":"rio-atuel-la-corte-suprema-fijo-un-caudal-minimo-como-lo-solicito-mendoza","status":"publish","type":"post","link":"https:\/\/vinasfm.com\/noticias\/rio-atuel-la-corte-suprema-fijo-un-caudal-minimo-como-lo-solicito-mendoza\/","title":{"rendered":"R\u00cdO ATUEL: LA CORTE SUPREMA FIJ\u00d3 UN CAUDAL M\u00cdNIMO, COMO LO SOLICIT\u00d3 MENDOZA"},"content":{"rendered":"<h4><strong>De esta manera, ordena a las provincias involucradas que, junto con el Estado nacional, determinen las acciones u obras de infraestructura necesarias para alcanzar el caudal m\u00ednimo permanente fijado.<\/strong><\/h4>\n<blockquote><p><strong><em>Hoy la CSJN hizo lugar a los argumentos mendocinos en la sentencia que dict\u00f3 sobre el juicio de La Pampa por el r\u00edo Atuel, disponiendo que el caudal establecido deber\u00e1 alcanzarse con obras financiadas de com\u00fan acuerdo.<\/em><\/strong><\/p>\n<p style=\"text-align: center;\"><strong><em>(Rodolfo Su\u00e1rez)<\/em><\/strong><\/p>\n<\/blockquote>\n<p>Este jueves, la Corte Suprema de Justicia de la Naci\u00f3n inform\u00f3 que se fij\u00f3 un caudal m\u00ednimo permanente del r\u00edo Atuel de 3,2 m3\/s en el l\u00edmite entre La Pampa y Mendoza, tal como lo propuso la provincia que gobierna Rodolfo Suarez.<\/p>\n<p>De esta manera, la sentencia da lugar a los argumentos propuestos por la Provincia de Mendoza, tal como lo\u00a0recomend\u00f3 el Instituto Nacional del Agua (INA) para garantizar el correspondiente caudal del r\u00edo Atuel.<\/p>\n<p>En este sentido, el Tribunal record\u00f3 que el punto de partida del presente conflicto \u201cdeviene de la disminuci\u00f3n de la oferta y, a su vez, del aumento de la demanda de agua del r\u00edo Atuel\u201d. Y a\u00f1aden que \u201cese recurso deb\u00eda tambi\u00e9n ser destinado a la conservaci\u00f3n del ecosistema interprovincial, para que mantenga su sustentabilidad, todo ello sin perder de vista el inter\u00e9s de las generaciones futuras, cuyo derecho a gozar del ambiente est\u00e1 protegido por el derecho vigente\u201d.<\/p>\n<p>Finalmente, la Corte Suprema resolvi\u00f3 instar a las provincias de La Pampa y Mendoza al fortalecimiento institucional del organismo de cuenca, integrando al Estado nacional, a cuyo fin deber\u00e1n considerar la propuesta realizada por la Secretar\u00eda de Infraestructura y Pol\u00edtica H\u00eddrica de la Naci\u00f3n para la conformaci\u00f3n de la Comisi\u00f3n Interjurisdiccional del R\u00edo Atuel (CIRA), en remplazo de la actual Comisi\u00f3n.<\/p>\n<h4 style=\"text-align: center;\"><strong><a href=\"http:\/\/www.prensa.mendoza.gov.ar\/wp-content\/uploads\/sites\/5\/2020\/07\/ADJ-0.341749001594918215.pdf\">Fallo de la Corte Suprema de la Naci\u00f3n<\/a><\/strong><\/h4>\n<h5><em>F.B.<\/em><\/h5>\n","protected":false},"excerpt":{"rendered":"<p>De esta manera, ordena a las provincias involucradas que, junto con el Estado nacional, determinen las acciones u obras de infraestructura &#8230;<\/p>\n","protected":false},"author":8,"featured_media":3558,"comment_status":"open","ping_status":"open","sticky":false,"template":"","format":"standard","meta":{"footnotes":""},"categories":[1],"tags":[],"class_list":["post-73117","post","type-post","status-publish","format-standard","has-post-thumbnail","hentry","category-fmvinas"],"_links":{"self":[{"href":"https:\/\/vinasfm.com\/noticias\/wp-json\/wp\/v2\/posts\/73117","targetHints":{"allow":["GET"]}}],"collection":[{"href":"https:\/\/vinasfm.com\/noticias\/wp-json\/wp\/v2\/posts"}],"about":[{"href":"https:\/\/vinasfm.com\/noticias\/wp-json\/wp\/v2\/types\/post"}],"author":[{"embeddable":true,"href":"https:\/\/vinasfm.com\/noticias\/wp-json\/wp\/v2\/users\/8"}],"replies":[{"embeddable":true,"href":"https:\/\/vinasfm.com\/noticias\/wp-json\/wp\/v2\/comments?post=73117"}],"version-history":[{"count":1,"href":"https:\/\/vinasfm.com\/noticias\/wp-json\/wp\/v2\/posts\/73117\/revisions"}],"predecessor-version":[{"id":73118,"href":"https:\/\/vinasfm.com\/noticias\/wp-json\/wp\/v2\/posts\/73117\/revisions\/73118"}],"wp:featuredmedia":[{"embeddable":true,"href":"https:\/\/vinasfm.com\/noticias\/wp-json\/wp\/v2\/media\/3558"}],"wp:attachment":[{"href":"https:\/\/vinasfm.com\/noticias\/wp-json\/wp\/v2\/media?parent=73117"}],"wp:term":[{"taxonomy":"category","embeddable":true,"href":"https:\/\/vinasfm.com\/noticias\/wp-json\/wp\/v2\/categories?post=73117"},{"taxonomy":"post_tag","embeddable":true,"href":"https:\/\/vinasfm.com\/noticias\/wp-json\/wp\/v2\/tags?post=73117"}],"curies":[{"name":"wp","href":"https:\/\/api.w.org\/{rel}","templated":true}]}}