{"id":73109,"date":"2020-07-16T08:16:50","date_gmt":"2020-07-16T11:16:50","guid":{"rendered":"http:\/\/vinasfm.com\/noticias\/?p=73109"},"modified":"2020-07-18T13:00:58","modified_gmt":"2020-07-18T16:00:58","slug":"asi-estara-el-tiempo-este-jueves","status":"publish","type":"post","link":"https:\/\/vinasfm.com\/noticias\/asi-estara-el-tiempo-este-jueves\/","title":{"rendered":"AS\u00cd ESTAR\u00c1 EL TIEMPO ESTE JUEVES"},"content":{"rendered":"<p>Los d\u00edas\u00a0<strong>soleados y agradables<\/strong>\u00a0han sido los protagonistas esta semana. Ma\u00f1anas muy fr\u00edas pero con el correr de las horas la temperatura m\u00e1xima ha llegado a alcanzar 18 grados.<\/p>\n<p>Seg\u00fan lo que indica la\u00a0<strong>Direcci\u00f3n de Agricultura y Contingencias Clim\u00e1ticas,\u00a0<\/strong>para este jueves se espera\u00a0<strong>\u201cpoca nubosidad con ascenso de la temperatura, vientos leves del noreste\u201d. <\/strong>Adem\u00e1s en algunos puntos de la provincia se registrar\u00e1n heladas parciales. La m\u00e1xima estimada para hoy es de\u00a0<strong>17\u00baC<\/strong>.<\/p>\n<p>Para los pr\u00f3ximos d\u00edas las condiciones continuaran estables y se espera un<strong>\u00a0fin de semana nublado con descenso de la temperatura.<\/strong><\/p>\n<h5><strong><em>A.C.<\/em><\/strong><\/h5>\n","protected":false},"excerpt":{"rendered":"<p>Los d\u00edas\u00a0soleados y agradables\u00a0han sido los protagonistas esta semana. Ma\u00f1anas muy fr\u00edas pero con el correr de las horas la temperatura &#8230;<\/p>\n","protected":false},"author":7,"featured_media":69438,"comment_status":"open","ping_status":"open","sticky":false,"template":"","format":"standard","meta":{"footnotes":""},"categories":[1],"tags":[],"class_list":["post-73109","post","type-post","status-publish","format-standard","has-post-thumbnail","hentry","category-fmvinas"],"_links":{"self":[{"href":"https:\/\/vinasfm.com\/noticias\/wp-json\/wp\/v2\/posts\/73109","targetHints":{"allow":["GET"]}}],"collection":[{"href":"https:\/\/vinasfm.com\/noticias\/wp-json\/wp\/v2\/posts"}],"about":[{"href":"https:\/\/vinasfm.com\/noticias\/wp-json\/wp\/v2\/types\/post"}],"author":[{"embeddable":true,"href":"https:\/\/vinasfm.com\/noticias\/wp-json\/wp\/v2\/users\/7"}],"replies":[{"embeddable":true,"href":"https:\/\/vinasfm.com\/noticias\/wp-json\/wp\/v2\/comments?post=73109"}],"version-history":[{"count":1,"href":"https:\/\/vinasfm.com\/noticias\/wp-json\/wp\/v2\/posts\/73109\/revisions"}],"predecessor-version":[{"id":73110,"href":"https:\/\/vinasfm.com\/noticias\/wp-json\/wp\/v2\/posts\/73109\/revisions\/73110"}],"wp:featuredmedia":[{"embeddable":true,"href":"https:\/\/vinasfm.com\/noticias\/wp-json\/wp\/v2\/media\/69438"}],"wp:attachment":[{"href":"https:\/\/vinasfm.com\/noticias\/wp-json\/wp\/v2\/media?parent=73109"}],"wp:term":[{"taxonomy":"category","embeddable":true,"href":"https:\/\/vinasfm.com\/noticias\/wp-json\/wp\/v2\/categories?post=73109"},{"taxonomy":"post_tag","embeddable":true,"href":"https:\/\/vinasfm.com\/noticias\/wp-json\/wp\/v2\/tags?post=73109"}],"curies":[{"name":"wp","href":"https:\/\/api.w.org\/{rel}","templated":true}]}}