{"id":73031,"date":"2020-07-15T08:55:55","date_gmt":"2020-07-15T11:55:55","guid":{"rendered":"http:\/\/vinasfm.com\/noticias\/?p=73031"},"modified":"2020-07-17T16:27:28","modified_gmt":"2020-07-17T19:27:28","slug":"irrigacion-quiere-redistribuir-el-agua-de-fincas-sin-cultivar","status":"publish","type":"post","link":"https:\/\/vinasfm.com\/noticias\/irrigacion-quiere-redistribuir-el-agua-de-fincas-sin-cultivar\/","title":{"rendered":"IRRIGACI\u00d3N QUIERE REDISTRIBUIR EL AGUA DE FINCAS SIN CULTIVAR"},"content":{"rendered":"<h4><strong>Una resoluci\u00f3n del Departamento General de Irrigaci\u00f3n con la que se pretende regular mediante la \u201coferta y demanda\u201d la distribuci\u00f3n del agua de la provincia, despert\u00f3 preocupaci\u00f3n de productores y las c\u00e1maras que los agrupan. <\/strong><\/h4>\n<p>Mientras algunos aseguran que podr\u00edan ser afectados en calidad de propietarios y que\u00a0<strong>\u201cse pueden quitar algunos derechos adquiridos\u201d,<\/strong>\u00a0otros creen que ser\u00eda positivo pero la consideran \u201cinaplicable\u201d ya que el organismo no tiene los recursos para hacerlo. Desde Irrigaci\u00f3n, el superintendente, Sergio Marinelli, aclar\u00f3 que no se quitar\u00e1 ninguna concesi\u00f3n a quien cumpla con la ley y que el objetivo principal es seguir eficientizando el uso del recurso h\u00eddrico en una provincia que durante una d\u00e9cada ha estado en emergencia.<\/p>\n<p>Concretamente se pone bajo la lupa<strong>\u00a0la resoluci\u00f3n 408\/20 del Departamento General de Irrigaci\u00f3n\u00a0<\/strong>(DGI), publicada el 24 de junio, que dispone la obligatoriedad de presentar una declaraci\u00f3n jurada para los usuarios que tengan permisos de riego precarios o temporarios.<\/p>\n<p>No obstante, en el documento se detallan algunas medidas que hacen referencia al \u201cPlan de Gesti\u00f3n de oferta y demanda\u201d con el cual se intenta eficientizar la regulaci\u00f3n del agua.<strong>\u00a0Este contempla algunos puntos como la quita de permisos a quienes registren deuda, la disposici\u00f3n del control volum\u00e9trico del recurso h\u00eddrico en algunos casos y la redistribuci\u00f3n del agua de fincas que tengan derecho pero que no est\u00e9n cultivados, a\u00fan con el pago al d\u00eda, entre otros.<\/strong><\/p>\n<p>Mauro Sosa, director ejecutivo del Centro de Vi\u00f1ateros del Este y quien ha levantado quejas por esta resoluci\u00f3n, si bien se mostr\u00f3 de acuerdo con regular permisos \u201cprecarios\u201d y \u201ctemporarios\u201d, asegur\u00f3 que hay algunos puntos que estaban incluidos en el proyecto de ley del Plan de Sequ\u00eda, que fue presentado en 2018 y que qued\u00f3 en la comisi\u00f3n de Ambiente de Diputados\u00a0<strong>\u201cpor falta de acuerdos y tambi\u00e9n por quejas de las c\u00e1maras productivas\u201d<\/strong>. Para Sosa, mediante esta resoluci\u00f3n del DGI se ha querido avanzar con ese mismo esp\u00edritu.<\/p>\n<p>Sosa puso como ejemplo el inciso K, que expresa que las inspecciones de cauce<strong>\u00a0\u201cdeber\u00e1n entregar el agua necesaria en funci\u00f3n de la superficie efectivamente cultivada no incluyendo propiedades abandonadas aunque las mismas se encuentren al d\u00eda\u201d.<\/strong><\/p>\n<p>Ante esto, asegur\u00f3 que eso afectar\u00eda el valor de la propiedad.<strong>\u00a0\u201cCreemos que es inconstitucional adem\u00e1s porque se vulnera el principio de inherencia a la propiedad, es una cuesti\u00f3n indivisible\u201d,\u00a0<\/strong>expres\u00f3. De ah\u00ed indic\u00f3 que si un propietario quiere vender el terreno o cultivar, podr\u00eda tener problemas para \u201crecuperar\u201d su derecho de riego, en caso de que se lo quiten.<\/p>\n<p>No obstante, Marinelli refut\u00f3 estas declaraciones y dijo que \u201cno se quitar\u00e1 el agua a nadie, sino que no se dar\u00e1 agua cuando est\u00e9 la superficie inculta\u201d. Adem\u00e1s, destac\u00f3 que\u00a0<strong>\u201ccuando una finca no est\u00e1 al d\u00eda y debe m\u00e1s de dos cuotas, no se les da agua, pero si luego se pone al d\u00eda se vuelve a dar\u201d.<\/strong><\/p>\n<p>Tambi\u00e9n destac\u00f3 que aquellos que tengan solo un porcentaje sin cultivar, seguir\u00e1 recibiendo la cuota que le corresponde. En tanto, aclar\u00f3 que en el plan de Sequ\u00eda\u00a0<strong>\u201cnunca se habl\u00f3 de quitar el agua porque eso es imposible, est\u00e1 en la Constituci\u00f3n la inherencia. S\u00f3lo se le puede sacar el derecho por no pagar durante cinco a\u00f1os o quitarle el permiso\u201d,<\/strong>\u00a0acot\u00f3.<\/p>\n<p>Mario Leiva, presidente de la Sociedad Rural del Valle de Uco, se diferenci\u00f3 de Sosa al decir que no cree que haya alg\u00fan tipo de \u201cpeligro\u201d en lo que respecta a perder el derecho de riego para el que paga e indic\u00f3 que\u00a0<strong>\u201chay varios casos en los que productores acuerdan con Irrigaci\u00f3n para que utilice sus pozos en momentos de emergencia, pero no los pierden\u201d.<\/strong><\/p>\n<p>No obstante, consider\u00f3 que la resoluci\u00f3n es \u201cinaplicable\u201d ya que Irrigaci\u00f3n \u201cno tiene la estructura civil ni los recursos para instrumentar un programa de entrega de agua de acuerdo a la oferta.\u00a0<strong>\u201cEn una primera lectura, el plan no se podr\u00e1 realizar, porque no tenemos con qu\u00e9. Faltan reservorios, impermeabilizaci\u00f3n de canales y m\u00e1s tecnolog\u00eda\u201d,<\/strong>\u00a0declar\u00f3 Leiva, quien la semana que viene tendr\u00e1 una reuni\u00f3n con Marinelli.<\/p>\n<p>Roberto Casado, presidente de la Sociedad Rural de San Rafael, defendi\u00f3 la priorizaci\u00f3n de las fincas cultivadas.\u00a0<strong>\u201cSiempre hemos pedido a Irrigaci\u00f3n que el agua no vaya a propiedades abandonadas y se priorice las trabajadas. Hay zonas en las que no alcanza el agua\u201d<\/strong>, justific\u00f3.<\/p>\n<p>Seg\u00fan Sebasti\u00e1n Lafalla, presidente de la C\u00e1mara de Agricultura Industria y Comercio de Tupungato,\u00a0<strong>\u201cse entiende que si hay fincas abandonadas, que tienen derecho y no est\u00e1n haciendo uso, ser\u00eda lo ideal (no entregarles agua). Sin embargo, desde el punto de vista legal, entendemos que va en contra del principio de inherencia de la tierra\u201d.<\/strong><\/p>\n<p>Leiva y Sosa s\u00ed coincidieron en la importancia de que se regule a los que tienen<strong>\u00a0permisos \u201cprecarios\u201d o \u201ctemporales\u201d, y espera que Irrigaci\u00f3n haga ese trabajo.<\/strong><\/p>\n<p>Mientras tanto, el superintendente sostuvo que se est\u00e1 trabajando junto con organismos para delimitar la cantidad de agua necesaria para cada cultivo, seg\u00fan la zona y tipo de riego. \u201c<strong>Buscamos mejorar la distribuci\u00f3n. Que se use lo que se necesita y mejorar la eficiencia. No sacar el agua a quienes pagan por ella. El que lo necesite y cuando lo necesite tendr\u00e1 su cuota, de acuerdo a zona, cultivo y suelo\u201d,\u00a0<\/strong>aclar\u00f3 Marinelli.<\/p>\n<p>El funcionario indic\u00f3 que lo que busca la resoluci\u00f3n es en \u00e9pocas de sequ\u00eda<strong>\u00a0\u201cordenar la oferta y demanda. La medida principal es el reordenamiento de los permisos porque hay 27.000 hect\u00e1reas con permisos precarios, de los cuales muchos no pagan\u201d.<\/strong><\/p>\n<p>En este sentido, hasta el 18 de agosto aquellos usuarios que tengan permisos precarios y temporarios tendr\u00e1n tiempo para presentar una declaraci\u00f3n jurada. De aqu\u00ed que Irrigaci\u00f3n sumar\u00e1 herramientas para plasmar un\u00a0<strong>\u201cbanco de informaci\u00f3n actualizada de la demanda de agua que se requiere\u201d.<\/strong><\/p>\n<p><strong>Puntos cuestionados<\/strong><\/p>\n<p>Seg\u00fan Sosa, algunos puntos del documento son\u00a0<strong>\u201cpoco claros e incluso podr\u00edan ser inconstitucionales\u201d, y adelant\u00f3 que enviar\u00e1n una nota a Irrigaci\u00f3n para que haya \u201caclaraciones o correcciones\u201d<\/strong><\/p>\n<p>Entre las observaciones, hizo referencia tambi\u00e9n al inciso M, que marca que se\u00a0<strong>\u201cidentificar\u00e1n perforaciones, que conforme su ubicaci\u00f3n geogr\u00e1fica resulten \u00fatiles, en forma parcial o total, para reforzar canales de riego\u201d<\/strong>. En este sentido, adelant\u00f3 que se \u201cpodr\u00edan declarar de utilidad p\u00fablica los pozos\u201d.<\/p>\n<p>Sin embargo, Marinelli neg\u00f3 a Los Andes que eso vaya a ocurrir, Si bien indic\u00f3 que en la propia ley de aguas subterr\u00e1neas est\u00e1 prevista la utilizaci\u00f3n de perforaciones en \u201ccasos extremos\u201d, destac\u00f3 que es \u201cs\u00f3lo preventiva\u201d y que en realidad este punto<strong>\u00a0\u201cest\u00e1 vinculado a los pozos que, de com\u00fan acuerdo entre inspectores y productores, sean comunitarios y se utilicen para determinados fines\u201d.<\/strong><\/p>\n<p>Casado se mostr\u00f3 de acuerdo con el hecho de que se identifiquen perforaciones privadas para reforzar canales de riego en casos extremos.<strong>\u00a0\u201cCuando est\u00e1s en una emergencia h\u00eddrica, hay que recurrir a todo. Por supuesto que hay que llegar a un acuerdo con el due\u00f1o del pozo e Irrigaci\u00f3n tendr\u00eda que hacerse cargo del costo de la bomba\u201d<\/strong>, coment\u00f3.<\/p>\n<p>Lafalla coincidi\u00f3:<strong>\u00a0\u201cDebe estar contemplada la cobertura del consumo el\u00e9ctrico y una amortizaci\u00f3n por el uso del pozo\u201d.<\/strong><\/p>\n<h5><strong><em>Fuente: Los Andes \/ A.C.<\/em><\/strong><\/h5>\n","protected":false},"excerpt":{"rendered":"<p>Una resoluci\u00f3n del Departamento General de Irrigaci\u00f3n con la que se pretende regular mediante la \u201coferta y demanda\u201d la distribuci\u00f3n del &#8230;<\/p>\n","protected":false},"author":7,"featured_media":40092,"comment_status":"open","ping_status":"open","sticky":false,"template":"","format":"standard","meta":{"footnotes":""},"categories":[5,37],"tags":[],"class_list":["post-73031","post","type-post","status-publish","format-standard","has-post-thumbnail","hentry","category-actualidad","category-irrigacion"],"_links":{"self":[{"href":"https:\/\/vinasfm.com\/noticias\/wp-json\/wp\/v2\/posts\/73031","targetHints":{"allow":["GET"]}}],"collection":[{"href":"https:\/\/vinasfm.com\/noticias\/wp-json\/wp\/v2\/posts"}],"about":[{"href":"https:\/\/vinasfm.com\/noticias\/wp-json\/wp\/v2\/types\/post"}],"author":[{"embeddable":true,"href":"https:\/\/vinasfm.com\/noticias\/wp-json\/wp\/v2\/users\/7"}],"replies":[{"embeddable":true,"href":"https:\/\/vinasfm.com\/noticias\/wp-json\/wp\/v2\/comments?post=73031"}],"version-history":[{"count":1,"href":"https:\/\/vinasfm.com\/noticias\/wp-json\/wp\/v2\/posts\/73031\/revisions"}],"predecessor-version":[{"id":73033,"href":"https:\/\/vinasfm.com\/noticias\/wp-json\/wp\/v2\/posts\/73031\/revisions\/73033"}],"wp:featuredmedia":[{"embeddable":true,"href":"https:\/\/vinasfm.com\/noticias\/wp-json\/wp\/v2\/media\/40092"}],"wp:attachment":[{"href":"https:\/\/vinasfm.com\/noticias\/wp-json\/wp\/v2\/media?parent=73031"}],"wp:term":[{"taxonomy":"category","embeddable":true,"href":"https:\/\/vinasfm.com\/noticias\/wp-json\/wp\/v2\/categories?post=73031"},{"taxonomy":"post_tag","embeddable":true,"href":"https:\/\/vinasfm.com\/noticias\/wp-json\/wp\/v2\/tags?post=73031"}],"curies":[{"name":"wp","href":"https:\/\/api.w.org\/{rel}","templated":true}]}}