{"id":72997,"date":"2020-07-15T09:30:48","date_gmt":"2020-07-15T12:30:48","guid":{"rendered":"http:\/\/vinasfm.com\/noticias\/?p=72997"},"modified":"2020-07-17T16:27:45","modified_gmt":"2020-07-17T19:27:45","slug":"presentaron-a-los-tres-nuevos-funcionarios-municipales","status":"publish","type":"post","link":"https:\/\/vinasfm.com\/noticias\/presentaron-a-los-tres-nuevos-funcionarios-municipales\/","title":{"rendered":"PRESENTARON A LOS TRES NUEVOS FUNCIONARIOS MUNICIPALES"},"content":{"rendered":"<h4><strong>En la ma\u00f1ana de este martes, fueron presentados en la Intendencia los funcionarios del gabinete municipal. Quien hasta el momento fue Directora de Educaci\u00f3n, Norma Ru\u00edz pasa a hacerse cargo de la Secretar\u00eda de Desarrollo Humano, Gabriel Bustos es el nuevo Director de Contingencias Sociales y Roxana Molero est\u00e1 al frente de la Direcci\u00f3n de Educaci\u00f3n.<\/strong><\/h4>\n<div><strong>Ru\u00edz<\/strong>\u00a0sostuvo que este nuevo puesto \u201c<strong><em>ser\u00e1 un gran desaf\u00edo<\/em><\/strong>\u00ab, para el cual espera \u00ab<strong><em>estar a la altura de las circunstancias, m\u00e1s con el buen trabajo desempa\u00f1ado por Pablo Reyes y su equipo<\/em><\/strong>\u00ab.<\/div>\n<div><\/div>\n<div>\u00ab<strong><em>Voy a trabajar en pos de quienes tengan sus necesidades b\u00e1sicas insatisfechas y sus derechos vulnerados<\/em><\/strong>\u00ab, prometi\u00f3 y en la misma l\u00ednea le dese\u00f3 \u00e9xitos a <strong>Daniel Bustos<\/strong> \u00ab<strong><em>en su gesti\u00f3n por un Alvear m\u00e1s equitativo y justo, a la Profesora Roxana Molero igual y sabe que el apoyo de mi parte es incondicional, porque para m\u00ed ha sido una gran satisfacci\u00f3n ocupar ese cargo y estoy muy agradecida al Intendente por destin\u00e1rmelo en su momento<\/em><\/strong>\u201d, subray\u00f3 la funcionaria.<\/div>\n<div><\/div>\n<div>Paralelamente, <strong>Daniel Bustos<\/strong> se\u00f1al\u00f3: \u201c<strong><em>para m\u00ed esto representa un desaf\u00edo, por lo que me voy a apoyar en quienes vienen trabajando en el \u00e1rea. Vamos a continuar con el programa garrafa solidaria, el plan erradicaci\u00f3n de letrinas, de mejoramiento de ba\u00f1os y el plan techos<\/em><\/strong>\u201d.<\/div>\n<div><\/div>\n<div>La nueva <strong>Directora de Educaci\u00f3n<\/strong>,<strong> Roxana Molero<\/strong>, agradeci\u00f3 al Intendente por confiarle esta tarea, \u201c<strong><em>es una satisfacci\u00f3n poder continuar la gesti\u00f3n excelente de la Profesora Norma Ruiz, vamos a continuar con los lineamientos de la pol\u00edtica de educaci\u00f3n que se ven\u00eda llevando a cabo, siempre apuntando a la primera infancia y acompa\u00f1ando a los cuatro jardines maternales municipales. Adem\u00e1s, seguimos en nexo con la UNCuyo y estamos trabajando en importantes capacitaciones virtuales para todos los docentes del Departamento<\/em><\/strong>\u201d.<\/div>\n<h5><em>\u2022F.B. (F.M. Vi\u00f1as).<\/em><\/h5>\n","protected":false},"excerpt":{"rendered":"<p>En la ma\u00f1ana de este martes, fueron presentados en la Intendencia los funcionarios del gabinete municipal. Quien hasta el momento fue &#8230;<\/p>\n","protected":false},"author":8,"featured_media":73000,"comment_status":"open","ping_status":"open","sticky":false,"template":"","format":"standard","meta":{"footnotes":""},"categories":[5,78],"tags":[],"class_list":["post-72997","post","type-post","status-publish","format-standard","has-post-thumbnail","hentry","category-actualidad","category-municipalidad"],"_links":{"self":[{"href":"https:\/\/vinasfm.com\/noticias\/wp-json\/wp\/v2\/posts\/72997","targetHints":{"allow":["GET"]}}],"collection":[{"href":"https:\/\/vinasfm.com\/noticias\/wp-json\/wp\/v2\/posts"}],"about":[{"href":"https:\/\/vinasfm.com\/noticias\/wp-json\/wp\/v2\/types\/post"}],"author":[{"embeddable":true,"href":"https:\/\/vinasfm.com\/noticias\/wp-json\/wp\/v2\/users\/8"}],"replies":[{"embeddable":true,"href":"https:\/\/vinasfm.com\/noticias\/wp-json\/wp\/v2\/comments?post=72997"}],"version-history":[{"count":1,"href":"https:\/\/vinasfm.com\/noticias\/wp-json\/wp\/v2\/posts\/72997\/revisions"}],"predecessor-version":[{"id":73001,"href":"https:\/\/vinasfm.com\/noticias\/wp-json\/wp\/v2\/posts\/72997\/revisions\/73001"}],"wp:featuredmedia":[{"embeddable":true,"href":"https:\/\/vinasfm.com\/noticias\/wp-json\/wp\/v2\/media\/73000"}],"wp:attachment":[{"href":"https:\/\/vinasfm.com\/noticias\/wp-json\/wp\/v2\/media?parent=72997"}],"wp:term":[{"taxonomy":"category","embeddable":true,"href":"https:\/\/vinasfm.com\/noticias\/wp-json\/wp\/v2\/categories?post=72997"},{"taxonomy":"post_tag","embeddable":true,"href":"https:\/\/vinasfm.com\/noticias\/wp-json\/wp\/v2\/tags?post=72997"}],"curies":[{"name":"wp","href":"https:\/\/api.w.org\/{rel}","templated":true}]}}